{"id":9986,"date":"2018-01-11T16:10:37","date_gmt":"2018-01-11T16:10:37","guid":{"rendered":"https:\/\/goiasemtempo.com.br\/home\/?p=9986"},"modified":"2018-01-11T16:10:37","modified_gmt":"2018-01-11T16:10:37","slug":"franca-anuncia-medidas-para-reduzir-mortalidade-nas-estradas","status":"publish","type":"post","link":"https:\/\/goiasemtempo.com.br\/home\/franca-anuncia-medidas-para-reduzir-mortalidade-nas-estradas\/","title":{"rendered":"Fran\u00e7a anuncia medidas para reduzir mortalidade nas estradas"},"content":{"rendered":"<p>Impopular, mas necess\u00e1rio. O governo franc\u00eas anunciou, nesta ter\u00e7a-feira (9), entre outras medidas, a redu\u00e7\u00e3o do limite de velocidade de 90 km\/h para 80 km\/h nas estradas secund\u00e1rias de m\u00e3o dupla, uma mudan\u00e7a criticada, mas considerada indispens\u00e1vel para reduzir a mortalidade.<\/p>\n<p>Esse limite, um dos mais baixos da Europa, poderia salvar at\u00e9 uma vida por dia, garantiu o primeiro-ministro franc\u00eas, \u00c9douard Philippe, que no domingo disse que aceitaria ser impopular se a altera\u00e7\u00e3o puder salvar vidas.<\/p>\n<p>Segundo uma pesquisa do Harris Interactive publicada nesta ter\u00e7a, em m\u00e9dia seis franceses em cada dez (59%) se op\u00f5em \u00e0 medida.<\/p>\n<p>Dos 28 pa\u00edses da Uni\u00e3o Europeia, apenas a Su\u00e9cia tem um limite mais estrito, de 70 km\/h, e a Finl\u00e2ndia autoriza como os 80 km\/h nas vias n\u00e3o urbanas, fora das rodovias. Na maioria dos pa\u00edses, contudo, o limite costuma ser de 90 km\/h.<\/p>\n<p>Outra medida anunciada por Philippe \u00e9 que a carteira de motorista ser\u00e1 retida em caso de infra\u00e7\u00e3o cometida com um aparelho celular na m\u00e3o.<\/p>\n<p>O celular ao volante, envolvido em um acidente letal de cada dez em 2016, \u00e9 um elemento adicional de risco consider\u00e1vel, apontou.<\/p>\n<p>O novo limite de velocidade de 80 km\/h nas estradas secund\u00e1rias de m\u00e3o dupla sem separa\u00e7\u00e3o central ser\u00e1 aplicado a partir de 1 de julho. Cerca de 400 km de vias ser\u00e3o afetados.<\/p>\n<p>Com isso, o governo franc\u00eas procura reduzir o n\u00famero de mortes nas estradas, crescente (foram 3.477 mortos em 2016) ap\u00f3s chegar ao seu n\u00edvel mais baixo em 2013 (3.268).<\/p>\n","protected":false},"excerpt":{"rendered":"<p>Impopular, mas necess\u00e1rio. O governo franc\u00eas anunciou, nesta ter\u00e7a-feira (9), entre outras medidas, a redu\u00e7\u00e3o do limite de velocidade de 90 km\/h para 80 km\/h nas estradas secund\u00e1rias de m\u00e3o dupla, uma mudan\u00e7a criticada, mas considerada indispens\u00e1vel para reduzir a mortalidade. Esse limite, um dos mais baixos da Europa, poderia salvar at\u00e9 uma vida por &hellip;<\/p>\n","protected":false},"author":2,"featured_media":9711,"comment_status":"open","ping_status":"open","sticky":false,"template":"","format":"standard","meta":{"footnotes":""},"categories":[4],"tags":[],"class_list":["post-9986","post","type-post","status-publish","format-standard","has-post-thumbnail","hentry","category-ultimas-noticias"],"_links":{"self":[{"href":"https:\/\/goiasemtempo.com.br\/home\/wp-json\/wp\/v2\/posts\/9986","targetHints":{"allow":["GET"]}}],"collection":[{"href":"https:\/\/goiasemtempo.com.br\/home\/wp-json\/wp\/v2\/posts"}],"about":[{"href":"https:\/\/goiasemtempo.com.br\/home\/wp-json\/wp\/v2\/types\/post"}],"author":[{"embeddable":true,"href":"https:\/\/goiasemtempo.com.br\/home\/wp-json\/wp\/v2\/users\/2"}],"replies":[{"embeddable":true,"href":"https:\/\/goiasemtempo.com.br\/home\/wp-json\/wp\/v2\/comments?post=9986"}],"version-history":[{"count":1,"href":"https:\/\/goiasemtempo.com.br\/home\/wp-json\/wp\/v2\/posts\/9986\/revisions"}],"predecessor-version":[{"id":9987,"href":"https:\/\/goiasemtempo.com.br\/home\/wp-json\/wp\/v2\/posts\/9986\/revisions\/9987"}],"wp:featuredmedia":[{"embeddable":true,"href":"https:\/\/goiasemtempo.com.br\/home\/wp-json\/wp\/v2\/media\/9711"}],"wp:attachment":[{"href":"https:\/\/goiasemtempo.com.br\/home\/wp-json\/wp\/v2\/media?parent=9986"}],"wp:term":[{"taxonomy":"category","embeddable":true,"href":"https:\/\/goiasemtempo.com.br\/home\/wp-json\/wp\/v2\/categories?post=9986"},{"taxonomy":"post_tag","embeddable":true,"href":"https:\/\/goiasemtempo.com.br\/home\/wp-json\/wp\/v2\/tags?post=9986"}],"curies":[{"name":"wp","href":"https:\/\/api.w.org\/{rel}","templated":true}]}}