{"id":9792,"date":"2018-01-11T12:40:44","date_gmt":"2018-01-11T12:40:44","guid":{"rendered":"https:\/\/goiasemtempo.com.br\/home\/?p=9792"},"modified":"2018-01-11T12:40:44","modified_gmt":"2018-01-11T12:40:44","slug":"divulgados-os-locais-das-provas-do-processo-seletivo-da-policia-civil","status":"publish","type":"post","link":"https:\/\/goiasemtempo.com.br\/home\/divulgados-os-locais-das-provas-do-processo-seletivo-da-policia-civil\/","title":{"rendered":"Divulgados os locais das provas do processo seletivo da Pol\u00edcia Civil"},"content":{"rendered":"<p>Um total de 4.170 inscritos ao processo seletivo para 60 vagas aos cargos de apoio administrativo da Pol\u00edcia Civil (edital 004\/2017) far\u00e1 as provas objetivas no domingo, dia 14,  em sete escolas de Goi\u00e2nia. De acordo com a Superintend\u00eancia da Escola de Governo, da Secretaria de Gest\u00e3o e Planejamento (Segplan), as provas ser\u00e3o realizadas na Escola Estadual Pedro Xavier Teixeira, IEG, UEG, Ceja \u2013 Jardim Am\u00e9rica, Col\u00e9gio Pr\u00e9-Universit\u00e1rio, Col\u00e9gio Militar Vasco dos Reis, Col\u00e9gio Militar Hugo de Carvalho Ramos e Escola de Governo Henrique Santillo.<\/p>\n<p>Para saber o local das provas, o candidato deve acessar o link. Para facilitar a busca, os inscritos dever\u00e3o digitar ctrl + F e digital o nome ou n\u00famero de inscri\u00e7\u00e3o.<\/p>\n<p>As provas do processo seletivo simplificado para preencher 60 vagas para os cargos de apoio administrativo da PC ter\u00e3o in\u00edcio \u00e0s 15 horas e terminar\u00e3o \u00e0s 17h30. De acordo com o gerente de recrutamento, Sele\u00e7\u00e3o e Rela\u00e7\u00f5es Externas da Escola de Governo, Jo\u00e3o Francisco Alves, os port\u00f5es ser\u00e3o abertos \u00e0s 14 horas e os candidatos devem chegar com pelo menos 30 minutos de anteced\u00eancia. Os cart\u00f5es respostas dever\u00e3o ser marcados com caneta transparente de cor preta.<\/p>\n<p>O gabarito preliminar das provas ser\u00e1 divulgado no dia 15 de janeiro, a partir das 10 horas e o resultado final no dia 23 de fevereiro no link.<\/p>\n<p>As 60 vagas do processo seletivo s\u00e3o para auxiliar administrativo: \u00e1rea geral (16), \u00e1rea inform\u00e1tica (14), \u00e1rea eletrot\u00e9cnica e telefonia (02), auxiliar de manuten\u00e7\u00e3o predial (07), auxiliar de enfermagem (02) e auxiliar de servi\u00e7os gerais (19).<\/p>\n","protected":false},"excerpt":{"rendered":"<p>Um total de 4.170 inscritos ao processo seletivo para 60 vagas aos cargos de apoio administrativo da Pol\u00edcia Civil (edital 004\/2017) far\u00e1 as provas objetivas no domingo, dia 14, em sete escolas de Goi\u00e2nia. De acordo com a Superintend\u00eancia da Escola de Governo, da Secretaria de Gest\u00e3o e Planejamento (Segplan), as provas ser\u00e3o realizadas na &hellip;<\/p>\n","protected":false},"author":2,"featured_media":9613,"comment_status":"open","ping_status":"open","sticky":false,"template":"","format":"standard","meta":{"_exactmetrics_skip_tracking":false,"_exactmetrics_sitenote_active":false,"_exactmetrics_sitenote_note":"","_exactmetrics_sitenote_category":0,"footnotes":""},"categories":[4],"tags":[],"_links":{"self":[{"href":"https:\/\/goiasemtempo.com.br\/home\/wp-json\/wp\/v2\/posts\/9792"}],"collection":[{"href":"https:\/\/goiasemtempo.com.br\/home\/wp-json\/wp\/v2\/posts"}],"about":[{"href":"https:\/\/goiasemtempo.com.br\/home\/wp-json\/wp\/v2\/types\/post"}],"author":[{"embeddable":true,"href":"https:\/\/goiasemtempo.com.br\/home\/wp-json\/wp\/v2\/users\/2"}],"replies":[{"embeddable":true,"href":"https:\/\/goiasemtempo.com.br\/home\/wp-json\/wp\/v2\/comments?post=9792"}],"version-history":[{"count":1,"href":"https:\/\/goiasemtempo.com.br\/home\/wp-json\/wp\/v2\/posts\/9792\/revisions"}],"predecessor-version":[{"id":9793,"href":"https:\/\/goiasemtempo.com.br\/home\/wp-json\/wp\/v2\/posts\/9792\/revisions\/9793"}],"wp:featuredmedia":[{"embeddable":true,"href":"https:\/\/goiasemtempo.com.br\/home\/wp-json\/wp\/v2\/media\/9613"}],"wp:attachment":[{"href":"https:\/\/goiasemtempo.com.br\/home\/wp-json\/wp\/v2\/media?parent=9792"}],"wp:term":[{"taxonomy":"category","embeddable":true,"href":"https:\/\/goiasemtempo.com.br\/home\/wp-json\/wp\/v2\/categories?post=9792"},{"taxonomy":"post_tag","embeddable":true,"href":"https:\/\/goiasemtempo.com.br\/home\/wp-json\/wp\/v2\/tags?post=9792"}],"curies":[{"name":"wp","href":"https:\/\/api.w.org\/{rel}","templated":true}]}}