{"id":9766,"date":"2018-01-11T12:15:02","date_gmt":"2018-01-11T12:15:02","guid":{"rendered":"https:\/\/goiasemtempo.com.br\/home\/?p=9766"},"modified":"2018-01-11T12:15:02","modified_gmt":"2018-01-11T12:15:02","slug":"incendio-deixa-ao-menos-2-feridos-na-trump-tower-em-nova-york","status":"publish","type":"post","link":"https:\/\/goiasemtempo.com.br\/home\/incendio-deixa-ao-menos-2-feridos-na-trump-tower-em-nova-york\/","title":{"rendered":"Inc\u00eandio deixa ao menos 2 feridos na Trump Tower em Nova York"},"content":{"rendered":"<p>Pelo menos duas pessoas sofreram ferimentos leves durante um inc\u00eandio ocorrido na Trump Tower em Nova York, o edif\u00edcio de propriedade do presidente dos Estados Unidos, Donald Trump, informou nesta segunda-feira (8) o Departamento de Bombeiros da cidade. As informa\u00e7\u00f5es s\u00e3o da EFE.<\/p>\n<p>Os bombeiros receberam um aviso de inc\u00eandio \u00e0s 7h locais (9h em Bras\u00edlia) no edif\u00edcio do presidente situado na 5\u00aa Avenida, em Manhattan.<\/p>\n<p>Segundo as autoridades, os feridos s\u00e3o um bombeiro e um civil, e o fogo j\u00e1 foi controlado. O bombeiro sofreu les\u00f5es leves ao ser atingido por escombros que ca\u00edram e o civil, um engenheiro, acabou inalando fuma\u00e7a, mas n\u00e3o precisou ser atendido pelos servi\u00e7os m\u00e9dicos, informaram fontes oficiais.<\/p>\n<p>Houve um pequeno inc\u00eandio causado por uma pane el\u00e9trica na torre de refrigera\u00e7\u00e3o no terra\u00e7o da Trump Tower. O Departamento de Bombeiros de Nova York chegou aqui em minutos e seus homens fizeram um trabalho incr\u00edvel, assegurou Eric Trump, um dos filhos do presidente, em seu perfil no Twitter.<\/p>\n<p>O edif\u00edcio n\u00e3o chegou a ser esvaziado. Muitos funcion\u00e1rios e integrantes da fam\u00edlia Trump vivem na Trump Tower, que tamb\u00e9m abriga v\u00e1rios escrit\u00f3rios, alguns deles do grupo empresarial do presidente americano, que agora \u00e9 administrado por seus filhos.<\/p>\n<p>A fuma\u00e7a e as chamas foram detectadas pelo servi\u00e7o secreto, que monitora e faz a seguran\u00e7a do edif\u00edcio, informou aos jornalistas um dos chefes dos bombeiros da cidade, Roger Sakowich.<\/p>\n<p>O presidente Trump est\u00e1 na Casa Branca e em sua agenda di\u00e1ria est\u00e1 prevista uma viagem nesta tarde para Nashville (Tennessee), onde far\u00e1 um discurso na Conven\u00e7\u00e3o Anual da Federa\u00e7\u00e3o de Agricultores dos EUA e, posteriormente, \u00e0 cidade de Marietta, na Ge\u00f3rgia, para assistir \u00e0 partida final da temporada universit\u00e1ria de futebol americano.<\/p>\n","protected":false},"excerpt":{"rendered":"<p>Pelo menos duas pessoas sofreram ferimentos leves durante um inc\u00eandio ocorrido na Trump Tower em Nova York, o edif\u00edcio de propriedade do presidente dos Estados Unidos, Donald Trump, informou nesta segunda-feira (8) o Departamento de Bombeiros da cidade. As informa\u00e7\u00f5es s\u00e3o da EFE. Os bombeiros receberam um aviso de inc\u00eandio \u00e0s 7h locais (9h em &hellip;<\/p>\n","protected":false},"author":2,"featured_media":9601,"comment_status":"open","ping_status":"open","sticky":false,"template":"","format":"standard","meta":{"footnotes":""},"categories":[4],"tags":[],"class_list":["post-9766","post","type-post","status-publish","format-standard","has-post-thumbnail","hentry","category-ultimas-noticias"],"_links":{"self":[{"href":"https:\/\/goiasemtempo.com.br\/home\/wp-json\/wp\/v2\/posts\/9766","targetHints":{"allow":["GET"]}}],"collection":[{"href":"https:\/\/goiasemtempo.com.br\/home\/wp-json\/wp\/v2\/posts"}],"about":[{"href":"https:\/\/goiasemtempo.com.br\/home\/wp-json\/wp\/v2\/types\/post"}],"author":[{"embeddable":true,"href":"https:\/\/goiasemtempo.com.br\/home\/wp-json\/wp\/v2\/users\/2"}],"replies":[{"embeddable":true,"href":"https:\/\/goiasemtempo.com.br\/home\/wp-json\/wp\/v2\/comments?post=9766"}],"version-history":[{"count":1,"href":"https:\/\/goiasemtempo.com.br\/home\/wp-json\/wp\/v2\/posts\/9766\/revisions"}],"predecessor-version":[{"id":9767,"href":"https:\/\/goiasemtempo.com.br\/home\/wp-json\/wp\/v2\/posts\/9766\/revisions\/9767"}],"wp:featuredmedia":[{"embeddable":true,"href":"https:\/\/goiasemtempo.com.br\/home\/wp-json\/wp\/v2\/media\/9601"}],"wp:attachment":[{"href":"https:\/\/goiasemtempo.com.br\/home\/wp-json\/wp\/v2\/media?parent=9766"}],"wp:term":[{"taxonomy":"category","embeddable":true,"href":"https:\/\/goiasemtempo.com.br\/home\/wp-json\/wp\/v2\/categories?post=9766"},{"taxonomy":"post_tag","embeddable":true,"href":"https:\/\/goiasemtempo.com.br\/home\/wp-json\/wp\/v2\/tags?post=9766"}],"curies":[{"name":"wp","href":"https:\/\/api.w.org\/{rel}","templated":true}]}}