{"id":9451,"date":"2018-01-09T12:20:31","date_gmt":"2018-01-09T12:20:31","guid":{"rendered":"https:\/\/goiasemtempo.com.br\/home\/?p=9451"},"modified":"2018-01-09T12:20:31","modified_gmt":"2018-01-09T12:20:31","slug":"complexo-farmaceutico-abre-87-vagas-de-emprego-em-goias","status":"publish","type":"post","link":"https:\/\/goiasemtempo.com.br\/home\/complexo-farmaceutico-abre-87-vagas-de-emprego-em-goias\/","title":{"rendered":"Complexo farmac\u00eautico abre 87 vagas de emprego em Goi\u00e1s"},"content":{"rendered":"<div class=\"text\">\n<div class=\"detail-content show-link\">\n<p>O Laborat\u00f3rio Teuto entra em 2018 com 87 vagas de emprego dispon\u00edveis. As oportunidades s\u00e3o para as \u00e1reas de qualidade, log\u00edstica, produ\u00e7\u00e3o, servi\u00e7os gerais e meio ambiente<strong>.<\/strong><\/p>\n<p>\u201cMais que vagas, temos oportunidades de carreira\u201d, destaca Elizabeth Junqueira, gerente administrativa e de Recursos Humanos do Teuto. \u201cApesar do momento desafiador vivido no Brasil, o Teuto e seus colaboradores continuam crescendo e contribuindo para o desenvolvimento da cidade, do estado e do pa\u00eds\u201d, ressalta.<\/p>\n<p>Para os interessados em trabalhar no maior complexo farmac\u00eautico da Am\u00e9rica Latina, os curr\u00edculos podem ser cadastrados no<a href=\"http:\/\/www.teuto.com.br\/\" target=\"_blank\" rel=\"noopener\">\u00a0site<\/a>\u00a0do Laborat\u00f3rio Teuto ou enviados para o e-mail\u00a0<a href=\"http:\/\/click.presskit.com.br\/?usuid=2085956&amp;urlid=420332&amp;url=mailto%3Aselecao%40teuto.com.br\" target=\"_blank\" rel=\"noopener\" data-saferedirecturl=\"https:\/\/www.google.com\/url?hl=pt-BR&amp;q=http:\/\/click.presskit.com.br\/?usuid%3D2085956%26urlid%3D420332%26url%3Dmailto%253Aselecao%2540teuto.com.br&amp;source=gmail&amp;ust=1515513159926000&amp;usg=AFQjCNF0jhbQQEusFfPosuimrazdHmsRgA\">selecao@teuto.com.br<\/a>\u00a0e ainda acompanhar as vagas em aberto pelas\u00a0<a href=\"https:\/\/www.facebook.com\/LaboratorioTeuto\" target=\"_blank\" rel=\"noopener\">redes sociais<\/a>\u00a0da companhia.<\/p>\n<p>&nbsp;<\/p>\n<\/div>\n<\/div>\n<p>&nbsp;<\/p>\n","protected":false},"excerpt":{"rendered":"<p>O Laborat\u00f3rio Teuto entra em 2018 com 87 vagas de emprego dispon\u00edveis. As oportunidades s\u00e3o para as \u00e1reas de qualidade, log\u00edstica, produ\u00e7\u00e3o, servi\u00e7os gerais e meio ambiente. \u201cMais que vagas, temos oportunidades de carreira\u201d, destaca Elizabeth Junqueira, gerente administrativa e de Recursos Humanos do Teuto. \u201cApesar do momento desafiador vivido no Brasil, o Teuto e &hellip;<\/p>\n","protected":false},"author":3,"featured_media":9452,"comment_status":"open","ping_status":"open","sticky":false,"template":"","format":"standard","meta":{"_exactmetrics_skip_tracking":false,"_exactmetrics_sitenote_active":false,"_exactmetrics_sitenote_note":"","_exactmetrics_sitenote_category":0,"footnotes":""},"categories":[7],"tags":[],"_links":{"self":[{"href":"https:\/\/goiasemtempo.com.br\/home\/wp-json\/wp\/v2\/posts\/9451"}],"collection":[{"href":"https:\/\/goiasemtempo.com.br\/home\/wp-json\/wp\/v2\/posts"}],"about":[{"href":"https:\/\/goiasemtempo.com.br\/home\/wp-json\/wp\/v2\/types\/post"}],"author":[{"embeddable":true,"href":"https:\/\/goiasemtempo.com.br\/home\/wp-json\/wp\/v2\/users\/3"}],"replies":[{"embeddable":true,"href":"https:\/\/goiasemtempo.com.br\/home\/wp-json\/wp\/v2\/comments?post=9451"}],"version-history":[{"count":1,"href":"https:\/\/goiasemtempo.com.br\/home\/wp-json\/wp\/v2\/posts\/9451\/revisions"}],"predecessor-version":[{"id":9453,"href":"https:\/\/goiasemtempo.com.br\/home\/wp-json\/wp\/v2\/posts\/9451\/revisions\/9453"}],"wp:featuredmedia":[{"embeddable":true,"href":"https:\/\/goiasemtempo.com.br\/home\/wp-json\/wp\/v2\/media\/9452"}],"wp:attachment":[{"href":"https:\/\/goiasemtempo.com.br\/home\/wp-json\/wp\/v2\/media?parent=9451"}],"wp:term":[{"taxonomy":"category","embeddable":true,"href":"https:\/\/goiasemtempo.com.br\/home\/wp-json\/wp\/v2\/categories?post=9451"},{"taxonomy":"post_tag","embeddable":true,"href":"https:\/\/goiasemtempo.com.br\/home\/wp-json\/wp\/v2\/tags?post=9451"}],"curies":[{"name":"wp","href":"https:\/\/api.w.org\/{rel}","templated":true}]}}