{"id":9448,"date":"2018-01-09T12:15:19","date_gmt":"2018-01-09T12:15:19","guid":{"rendered":"https:\/\/goiasemtempo.com.br\/home\/?p=9448"},"modified":"2018-01-09T12:15:19","modified_gmt":"2018-01-09T12:15:19","slug":"em-2017-mais-de-20-mil-veiculos-foram-retidos-pelo-detran-em-goias","status":"publish","type":"post","link":"https:\/\/goiasemtempo.com.br\/home\/em-2017-mais-de-20-mil-veiculos-foram-retidos-pelo-detran-em-goias\/","title":{"rendered":"Em 2017, mais de 20 mil ve\u00edculos foram retidos pelo Detran em Goi\u00e1s"},"content":{"rendered":"<p>No ano passado,\u00a023.629 ve\u00edculos foram retidos pelo\u00a0<a href=\"https:\/\/www.emaisgoias.com.br\/tag\/detran-go\/\" target=\"_blank\" rel=\"noopener\">Detran Goi\u00e1s<\/a>\u00a0em todo o Estado. Os n\u00fameros foram cedidos pelo pr\u00f3prio \u00f3rg\u00e3o que ret\u00e9m autom\u00f3veis apreendidos por \u00f3rg\u00e3os parceiros, como a Pol\u00edcia Militar e a Secretaria da Fazenda. Os motivos das apreens\u00f5es s\u00e3o muitos, mas o gerente de fiscaliza\u00e7\u00e3o do Detran Goi\u00e1s, capit\u00e3o Roberto Moreira, pontua que a falta de pagamento da tarifa de licenciamento\u00a0lidera as infra\u00e7\u00f5es<\/p>\n<div>\n<p>O gerente explica que em caso de n\u00e3o pagamento da taxa, os ve\u00edculos s\u00e3o apreendidos pela Pol\u00edcia Fazend\u00e1ria e levados at\u00e9 o p\u00e1tio do Detran. Nesses casos, para recuperar o autom\u00f3vel, segundo Roberto, \u00e9 preciso comparecer \u00e0 sede do \u00f3rg\u00e3o no munic\u00edpio com documentos pessoais e do carro em m\u00e3os e comprovante de endere\u00e7o. No local, a taxa pendente vai ser paga e o propriet\u00e1rio pode reaver seu ve\u00edculo.<\/p>\n<div>\n<p>Outro motivo frequente para a apreens\u00e3o, \u00e9 a circula\u00e7\u00e3o de ve\u00edculos sem condi\u00e7\u00f5es m\u00ednimas de seguran\u00e7a, como falta de pneu reserva, retrovisores danificados ou ausentes, vidros quebrados, entre outros. Nestes casos, ao chegar ao p\u00e1tio do Detran, Roberto explica que os ve\u00edculos s\u00e3o analisados e as avarias s\u00e3o anotadas.<\/p>\n<div>\n<p>Quando o propriet\u00e1rio deseja reaver um ve\u00edculo sem condi\u00e7\u00f5es de circula\u00e7\u00e3o, ele deve comparecer ao Detran e assinar um termo de cust\u00f3dia, no qual concorda em realizar as altera\u00e7\u00f5es necess\u00e1rias e apresentar o autom\u00f3vel ao \u00f3rg\u00e3o. Roberto explica que, quando o prazo de cust\u00f3dia expira e o condutor n\u00e3o prova que seu carro est\u00e1 em condi\u00e7\u00f5es de circula\u00e7\u00e3o, o mesmo pode ser novamente apreendido.<\/p>\n<div>\n<p><strong>Recupera\u00e7\u00e3o<\/strong><\/p>\n<p>Segundo o Detran, em 2017, foram liberados\u00a09.746 ve\u00edculos de seus p\u00e1tios. Contudo, este n\u00famero n\u00e3o diz respeito apenas a ve\u00edculos retidos no mesmo ano. Alguns autom\u00f3veis apreendidos em 2016, cujo tempo de reten\u00e7\u00e3o no p\u00e1tio n\u00e3o passou de 60 dias, podem ter sido liberados ano passado.<\/p>\n<div>Roberto explica que o n\u00famero de ve\u00edculos retidos \u00e9 sempre superior ao de liberados, e que essa condi\u00e7\u00e3o n\u00e3o se altera o longo dos anos. \u201cPara liberar o ve\u00edculo s\u00e3o necess\u00e1rios procedimentos burocr\u00e1ticos e as vezes quantias grandes em dinheiro. N\u00e3o h\u00e1 um fator \u00fanico que explique essa situa\u00e7\u00e3o, mas muitas vezes o propriet\u00e1rio n\u00e3o tem condi\u00e7\u00f5es de liberar seu autom\u00f3vel\u201d, conta o gerente.<\/div>\n<div>\n<p>O prazo de recupera\u00e7\u00e3o dos ve\u00edculos \u00e9 de 60 dias. Ap\u00f3s esse per\u00edodo retidos no p\u00e1tio do Detran, segundo Roberto, os autom\u00f3veis podem ir a leil\u00e3o. Em 2017, 21 mil carros e motos foram leiloados em Goi\u00e1s, segundo o \u00f3rg\u00e3o.<\/p>\n<div>\n<p>Nestes casos, o gerente explica que h\u00e1 uma Diretoria de Leil\u00f5es que contacta empresas e outros \u00f3rg\u00e3os parceiros para a realiza\u00e7\u00e3o da venda dos ve\u00edculos. \u201cQuando o prazo de 60 dias vence o propriet\u00e1rio \u00e9 notificado, caso ele n\u00e3o recorra n\u00f3s tomamos as medidas legais necess\u00e1rias para que esses autom\u00f3veis sejam vendidos\u201d, conclui.<\/p>\n<div><em>*Amanda Sales \u00e9 integrante do programa de est\u00e1gio do conv\u00eanio entre Ciee e Mais Goi\u00e1s, sob orienta\u00e7\u00e3o de Tha\u00eds Lobo<\/em><\/div>\n<div><\/div>\n<div class=\"yj6qo ajU\">\n<div id=\":nq\" class=\"ajR\" tabindex=\"0\" role=\"button\" data-tooltip=\"Mostrar conte\u00fado cortado\" aria-label=\"Mostrar conte\u00fado cortado\"><img decoding=\"async\" class=\"ajT\" src=\"https:\/\/ssl.gstatic.com\/ui\/v1\/icons\/mail\/images\/cleardot.gif\" \/><\/div>\n<\/div>\n<\/div>\n<\/div>\n<\/div>\n<\/div>\n<\/div>\n<\/div>\n","protected":false},"excerpt":{"rendered":"<p>No ano passado,\u00a023.629 ve\u00edculos foram retidos pelo\u00a0Detran Goi\u00e1s\u00a0em todo o Estado. Os n\u00fameros foram cedidos pelo pr\u00f3prio \u00f3rg\u00e3o que ret\u00e9m autom\u00f3veis apreendidos por \u00f3rg\u00e3os parceiros, como a Pol\u00edcia Militar e a Secretaria da Fazenda. Os motivos das apreens\u00f5es s\u00e3o muitos, mas o gerente de fiscaliza\u00e7\u00e3o do Detran Goi\u00e1s, capit\u00e3o Roberto Moreira, pontua que a falta &hellip;<\/p>\n","protected":false},"author":3,"featured_media":9449,"comment_status":"open","ping_status":"open","sticky":false,"template":"","format":"standard","meta":{"footnotes":""},"categories":[3],"tags":[],"class_list":["post-9448","post","type-post","status-publish","format-standard","has-post-thumbnail","hentry","category-nacional"],"_links":{"self":[{"href":"https:\/\/goiasemtempo.com.br\/home\/wp-json\/wp\/v2\/posts\/9448","targetHints":{"allow":["GET"]}}],"collection":[{"href":"https:\/\/goiasemtempo.com.br\/home\/wp-json\/wp\/v2\/posts"}],"about":[{"href":"https:\/\/goiasemtempo.com.br\/home\/wp-json\/wp\/v2\/types\/post"}],"author":[{"embeddable":true,"href":"https:\/\/goiasemtempo.com.br\/home\/wp-json\/wp\/v2\/users\/3"}],"replies":[{"embeddable":true,"href":"https:\/\/goiasemtempo.com.br\/home\/wp-json\/wp\/v2\/comments?post=9448"}],"version-history":[{"count":1,"href":"https:\/\/goiasemtempo.com.br\/home\/wp-json\/wp\/v2\/posts\/9448\/revisions"}],"predecessor-version":[{"id":9450,"href":"https:\/\/goiasemtempo.com.br\/home\/wp-json\/wp\/v2\/posts\/9448\/revisions\/9450"}],"wp:featuredmedia":[{"embeddable":true,"href":"https:\/\/goiasemtempo.com.br\/home\/wp-json\/wp\/v2\/media\/9449"}],"wp:attachment":[{"href":"https:\/\/goiasemtempo.com.br\/home\/wp-json\/wp\/v2\/media?parent=9448"}],"wp:term":[{"taxonomy":"category","embeddable":true,"href":"https:\/\/goiasemtempo.com.br\/home\/wp-json\/wp\/v2\/categories?post=9448"},{"taxonomy":"post_tag","embeddable":true,"href":"https:\/\/goiasemtempo.com.br\/home\/wp-json\/wp\/v2\/tags?post=9448"}],"curies":[{"name":"wp","href":"https:\/\/api.w.org\/{rel}","templated":true}]}}