{"id":9282,"date":"2018-01-08T04:15:41","date_gmt":"2018-01-08T04:15:41","guid":{"rendered":"http:\/\/goiasemtempo.com.br\/home\/?p=9282"},"modified":"2018-01-08T04:15:41","modified_gmt":"2018-01-08T04:15:41","slug":"brasileiro-detido-na-venezuela-foi-deportado-para-os-eua-afirma-governo","status":"publish","type":"post","link":"https:\/\/goiasemtempo.com.br\/home\/brasileiro-detido-na-venezuela-foi-deportado-para-os-eua-afirma-governo\/","title":{"rendered":"Brasileiro detido na Venezuela foi deportado para os EUA, afirma governo"},"content":{"rendered":"<p>O brasileiro Jonatan Mois\u00e9s Diniz, que havia sido detido no fim de dezembro na Venezuela, acusado de tentar desestabilizar o governo de Nicol\u00e1s Maduro, foi deportado para os Estados Unidos, onde, aparentemente, residia, informou neste s\u00e1bado a chancelaria brasileira.<\/p>\n<p>O incidente envolvendo o brasileiro Jonatan Mois\u00e9s Diniz foi encerrado, com sua expuls\u00e3o da Venezuela, confirmou o chanceler Aloysio Nunes em sua conta no Twitter.<\/p>\n<p>O jovem, 31, que aparentemente vive em Los Angeles e teria viajado \u00e0 Venezuela para realizar um trabalho humanit\u00e1rio, foi deportado hoje para os Estados Unidos, assinalou \u00e0 AFP uma fonte da chancelaria, sem dar detalhes.<\/p>\n<p>A deporta\u00e7\u00e3o de Diniz acontece dois dias depois que o governo Michel Temer exigiu de Caracas informa\u00e7\u00f5es sobre o brasileiro, afirmando que estava h\u00e1 dias tentando confirmar se ele estava detido desde 26 de dezembro, como havia anunciado na TV o n\u00famero dois do chavismo, Diosdado Cabello.<\/p>\n<p>Segundo Cabello, o brasileiro era diretor da ONG Time to Change the Earth, uma fachada para promover nas redes sociais supostas atividades de entrega de alimentos e utens\u00edlios que, na verdade, buscavam arrecadar dinheiro para desestabilizar o governo esquerdista de Maduro.<\/p>\n<p>Cabello acusou Diniz de fazer parte de uma organiza\u00e7\u00e3o criminosa com tent\u00e1culos internacionais, e, mostrando mensagens do jovem nas redes a favor dos recentes protestos contra o governo, apontou sua suspeita de que um residente nos Estados Unidos estivesse na Venezuela realizando atividades humanit\u00e1rias.<\/p>\n<p>No Brasil, os pais de Diniz publicaram mensagens nas redes sociais pedindo a liberta\u00e7\u00e3o de seu filho, afirmando que o mesmo era inocente.<\/p>\n<p>O epis\u00f3dio aconteceu ap\u00f3s diverg\u00eancias recentes entre Brasil e Venezuela, cujas rela\u00e7\u00f5es diplom\u00e1ticas est\u00e3o congeladas desde agosto de 2016, ap\u00f3s o impeachment da presidente Dilma Rousseff.<\/p>\n","protected":false},"excerpt":{"rendered":"<p>O brasileiro Jonatan Mois\u00e9s Diniz, que havia sido detido no fim de dezembro na Venezuela, acusado de tentar desestabilizar o governo de Nicol\u00e1s Maduro, foi deportado para os Estados Unidos, onde, aparentemente, residia, informou neste s\u00e1bado a chancelaria brasileira. O incidente envolvendo o brasileiro Jonatan Mois\u00e9s Diniz foi encerrado, com sua expuls\u00e3o da Venezuela, confirmou &hellip;<\/p>\n","protected":false},"author":2,"featured_media":9080,"comment_status":"open","ping_status":"open","sticky":false,"template":"","format":"standard","meta":{"footnotes":""},"categories":[4],"tags":[],"class_list":["post-9282","post","type-post","status-publish","format-standard","has-post-thumbnail","hentry","category-ultimas-noticias"],"_links":{"self":[{"href":"https:\/\/goiasemtempo.com.br\/home\/wp-json\/wp\/v2\/posts\/9282","targetHints":{"allow":["GET"]}}],"collection":[{"href":"https:\/\/goiasemtempo.com.br\/home\/wp-json\/wp\/v2\/posts"}],"about":[{"href":"https:\/\/goiasemtempo.com.br\/home\/wp-json\/wp\/v2\/types\/post"}],"author":[{"embeddable":true,"href":"https:\/\/goiasemtempo.com.br\/home\/wp-json\/wp\/v2\/users\/2"}],"replies":[{"embeddable":true,"href":"https:\/\/goiasemtempo.com.br\/home\/wp-json\/wp\/v2\/comments?post=9282"}],"version-history":[{"count":1,"href":"https:\/\/goiasemtempo.com.br\/home\/wp-json\/wp\/v2\/posts\/9282\/revisions"}],"predecessor-version":[{"id":9283,"href":"https:\/\/goiasemtempo.com.br\/home\/wp-json\/wp\/v2\/posts\/9282\/revisions\/9283"}],"wp:featuredmedia":[{"embeddable":true,"href":"https:\/\/goiasemtempo.com.br\/home\/wp-json\/wp\/v2\/media\/9080"}],"wp:attachment":[{"href":"https:\/\/goiasemtempo.com.br\/home\/wp-json\/wp\/v2\/media?parent=9282"}],"wp:term":[{"taxonomy":"category","embeddable":true,"href":"https:\/\/goiasemtempo.com.br\/home\/wp-json\/wp\/v2\/categories?post=9282"},{"taxonomy":"post_tag","embeddable":true,"href":"https:\/\/goiasemtempo.com.br\/home\/wp-json\/wp\/v2\/tags?post=9282"}],"curies":[{"name":"wp","href":"https:\/\/api.w.org\/{rel}","templated":true}]}}