{"id":9235,"date":"2018-01-08T04:01:49","date_gmt":"2018-01-08T04:01:49","guid":{"rendered":"http:\/\/goiasemtempo.com.br\/home\/?p=9235"},"modified":"2018-01-08T04:01:49","modified_gmt":"2018-01-08T04:01:49","slug":"memorial-da-america-latina-abre-este-mes-mostra-america-florida","status":"publish","type":"post","link":"https:\/\/goiasemtempo.com.br\/home\/memorial-da-america-latina-abre-este-mes-mostra-america-florida\/","title":{"rendered":"Memorial da Am\u00e9rica Latina abre este m\u00eas mostra Am\u00e9rica Florida"},"content":{"rendered":"<p>A mostra Am\u00e9rica Florida leva ao Memorial da Am\u00e9rica Latina, em S\u00e3o Paulo, a partir do dia 11 de janeiro, a rela\u00e7\u00e3o cultural dos pa\u00edses latino-americanos com as flores. No Pavilh\u00e3o da Criatividade estar\u00e3o expostas telas bordadas, cer\u00e2micas, papel mach\u00ea e outras pe\u00e7as tradicionais da cultura latino-americana que simbolizam os h\u00e1bitos e costumes de diversos pa\u00edses do continente. Al\u00e9m de ver as pe\u00e7as, o visitante tamb\u00e9m poder\u00e1 tocar e interagir com as as obras.<\/p>\n<p>O destaque fica para as telas floridas do argentino Diego Manuel, tema presente na cultura latina. As flores simbolizam e retratam tanto o luto e a homenagem aos mortos, quanto as boas vindas aos rec\u00e9m-nascidos. Tamb\u00e9m s\u00e3o utilizadas para presentear casais apaixonados, al\u00e9m de dar cor a comemora\u00e7\u00f5es, festas e casamentos.<\/p>\n<p>Ser\u00e1 poss\u00edvel ver tamb\u00e9m pratos de argila, tupus (que \u00e9 um broche ornamental andino utilizado para prender xale), caveiras mexicanas do Dia dos Mortos e ret\u00e1bulos do Peru, feitos de madeira e massa de batata com gesso.<\/p>\n<p>De acordo com a organiza\u00e7\u00e3o, uma das pe\u00e7as especiais da exposi\u00e7\u00e3o \u00e9 A Moringa, obra em cer\u00e2mica da artista brasileira Izabel Mendes da Cunha, na qual se v\u00ea uma noiva com vestido florido segurando um buqu\u00ea de flores.<\/p>\n<p>Para mostrar a diversidade do uso das flores na cultura latino-americana a mostra traz tamb\u00e9m pe\u00e7as religiosas em enfeites floridos expressas em imagens de anjos e santas. H\u00e1 ainda a figura do diabo em argila, com flores esculpidas no traje.<\/p>\n<p>A exposi\u00e7\u00e3o ficar\u00e1 aberta de ter\u00e7a a domingo, das 9h \u00e0s 18h, com entrada gratuita e classifica\u00e7\u00e3o livre para todos os p\u00fablicos. O Memorial da Am\u00e9rica Latina fica na avenida Auro Soares de Moura Andrade, 664, no bairro da Barra Funda.<\/p>\n","protected":false},"excerpt":{"rendered":"<p>A mostra Am\u00e9rica Florida leva ao Memorial da Am\u00e9rica Latina, em S\u00e3o Paulo, a partir do dia 11 de janeiro, a rela\u00e7\u00e3o cultural dos pa\u00edses latino-americanos com as flores. No Pavilh\u00e3o da Criatividade estar\u00e3o expostas telas bordadas, cer\u00e2micas, papel mach\u00ea e outras pe\u00e7as tradicionais da cultura latino-americana que simbolizam os h\u00e1bitos e costumes de diversos &hellip;<\/p>\n","protected":false},"author":2,"featured_media":9056,"comment_status":"open","ping_status":"open","sticky":false,"template":"","format":"standard","meta":{"footnotes":""},"categories":[4],"tags":[],"class_list":["post-9235","post","type-post","status-publish","format-standard","has-post-thumbnail","hentry","category-ultimas-noticias"],"_links":{"self":[{"href":"https:\/\/goiasemtempo.com.br\/home\/wp-json\/wp\/v2\/posts\/9235","targetHints":{"allow":["GET"]}}],"collection":[{"href":"https:\/\/goiasemtempo.com.br\/home\/wp-json\/wp\/v2\/posts"}],"about":[{"href":"https:\/\/goiasemtempo.com.br\/home\/wp-json\/wp\/v2\/types\/post"}],"author":[{"embeddable":true,"href":"https:\/\/goiasemtempo.com.br\/home\/wp-json\/wp\/v2\/users\/2"}],"replies":[{"embeddable":true,"href":"https:\/\/goiasemtempo.com.br\/home\/wp-json\/wp\/v2\/comments?post=9235"}],"version-history":[{"count":1,"href":"https:\/\/goiasemtempo.com.br\/home\/wp-json\/wp\/v2\/posts\/9235\/revisions"}],"predecessor-version":[{"id":9236,"href":"https:\/\/goiasemtempo.com.br\/home\/wp-json\/wp\/v2\/posts\/9235\/revisions\/9236"}],"wp:featuredmedia":[{"embeddable":true,"href":"https:\/\/goiasemtempo.com.br\/home\/wp-json\/wp\/v2\/media\/9056"}],"wp:attachment":[{"href":"https:\/\/goiasemtempo.com.br\/home\/wp-json\/wp\/v2\/media?parent=9235"}],"wp:term":[{"taxonomy":"category","embeddable":true,"href":"https:\/\/goiasemtempo.com.br\/home\/wp-json\/wp\/v2\/categories?post=9235"},{"taxonomy":"post_tag","embeddable":true,"href":"https:\/\/goiasemtempo.com.br\/home\/wp-json\/wp\/v2\/tags?post=9235"}],"curies":[{"name":"wp","href":"https:\/\/api.w.org\/{rel}","templated":true}]}}