{"id":9211,"date":"2018-01-08T03:54:55","date_gmt":"2018-01-08T03:54:55","guid":{"rendered":"http:\/\/goiasemtempo.com.br\/home\/?p=9211"},"modified":"2018-01-08T03:54:55","modified_gmt":"2018-01-08T03:54:55","slug":"marconi-governo-de-goias-inicia-hoje-um-nova-gestao-no-sistema-prisional","status":"publish","type":"post","link":"https:\/\/goiasemtempo.com.br\/home\/marconi-governo-de-goias-inicia-hoje-um-nova-gestao-no-sistema-prisional\/","title":{"rendered":"Marconi: \u201cGoverno de Goi\u00e1s inicia hoje um nova gest\u00e3o no sistema prisional\u201d"},"content":{"rendered":"<p>Nas redes sociais, o governador Marconi comentou na tarde desta sexta-feira, dia 05, a posse do coronel Edson Costa como novo diretor-geral de Administra\u00e7\u00e3o Penitenci\u00e1ria. Marconi afirmou que o objetivo \u00e9 dar mais agilidade nas opera\u00e7\u00f5es que envolvem as unidades prisionais em Goi\u00e1s.<\/p>\n<p>No texto, o governador refor\u00e7a que em 2018 o Governo de Goi\u00e1s vai inaugurar cinco novos pres\u00eddios e a partir de agora um novo sistema organizacional ser\u00e1 adotado.<\/p>\n<p>\u201cCom a inaugura\u00e7\u00e3o dos cinco pres\u00eddios estaduais neste ano, o Governo de Goi\u00e1s vai estabelecer um sistema organizacional que considera o n\u00edvel de seguran\u00e7a e o perfil do detento. A crise da Seguran\u00e7a P\u00fablica afeta o Brasil inteiro e exige o esfor\u00e7o de todos os poderes. Com humildade e trabalho, estamos fazendo nossa parte para que Goi\u00e1s continue diminuindo os \u00edndices de criminalidade e reduza o problema no sistema prisional\u201d.<\/p>\n","protected":false},"excerpt":{"rendered":"<p>Nas redes sociais, o governador Marconi comentou na tarde desta sexta-feira, dia 05, a posse do coronel Edson Costa como novo diretor-geral de Administra\u00e7\u00e3o Penitenci\u00e1ria. Marconi afirmou que o objetivo \u00e9 dar mais agilidade nas opera\u00e7\u00f5es que envolvem as unidades prisionais em Goi\u00e1s. No texto, o governador refor\u00e7a que em 2018 o Governo de Goi\u00e1s &hellip;<\/p>\n","protected":false},"author":2,"featured_media":9044,"comment_status":"open","ping_status":"open","sticky":false,"template":"","format":"standard","meta":{"footnotes":""},"categories":[4],"tags":[],"class_list":["post-9211","post","type-post","status-publish","format-standard","has-post-thumbnail","hentry","category-ultimas-noticias"],"_links":{"self":[{"href":"https:\/\/goiasemtempo.com.br\/home\/wp-json\/wp\/v2\/posts\/9211","targetHints":{"allow":["GET"]}}],"collection":[{"href":"https:\/\/goiasemtempo.com.br\/home\/wp-json\/wp\/v2\/posts"}],"about":[{"href":"https:\/\/goiasemtempo.com.br\/home\/wp-json\/wp\/v2\/types\/post"}],"author":[{"embeddable":true,"href":"https:\/\/goiasemtempo.com.br\/home\/wp-json\/wp\/v2\/users\/2"}],"replies":[{"embeddable":true,"href":"https:\/\/goiasemtempo.com.br\/home\/wp-json\/wp\/v2\/comments?post=9211"}],"version-history":[{"count":1,"href":"https:\/\/goiasemtempo.com.br\/home\/wp-json\/wp\/v2\/posts\/9211\/revisions"}],"predecessor-version":[{"id":9212,"href":"https:\/\/goiasemtempo.com.br\/home\/wp-json\/wp\/v2\/posts\/9211\/revisions\/9212"}],"wp:featuredmedia":[{"embeddable":true,"href":"https:\/\/goiasemtempo.com.br\/home\/wp-json\/wp\/v2\/media\/9044"}],"wp:attachment":[{"href":"https:\/\/goiasemtempo.com.br\/home\/wp-json\/wp\/v2\/media?parent=9211"}],"wp:term":[{"taxonomy":"category","embeddable":true,"href":"https:\/\/goiasemtempo.com.br\/home\/wp-json\/wp\/v2\/categories?post=9211"},{"taxonomy":"post_tag","embeddable":true,"href":"https:\/\/goiasemtempo.com.br\/home\/wp-json\/wp\/v2\/tags?post=9211"}],"curies":[{"name":"wp","href":"https:\/\/api.w.org\/{rel}","templated":true}]}}