{"id":8975,"date":"2018-01-06T17:47:00","date_gmt":"2018-01-06T17:47:00","guid":{"rendered":"http:\/\/goiasemtempo.com.br\/home\/?p=8975"},"modified":"2018-01-06T17:47:34","modified_gmt":"2018-01-06T17:47:34","slug":"bolsonaro-sera-candidato-a-presidente-pelo-psl","status":"publish","type":"post","link":"https:\/\/goiasemtempo.com.br\/home\/bolsonaro-sera-candidato-a-presidente-pelo-psl\/","title":{"rendered":"Bolsonaro ser\u00e1 candidato a presidente pelo PSL"},"content":{"rendered":"<p>O deputado federal e pr\u00e9-candidato \u00e0 Presid\u00eancia da Rep\u00fablica Jair Bolsonaro (PSC-RJ) anunciou nesta sexta-feira que concorrer\u00e1 ao Pal\u00e1cio do Planalto pelo Partido Social Liberal (PSL). Bolsonaro e o PSL divulgaram um comunicado, assinado pelo deputado e o presidente do partido, Luciano Bivar, em que anunciam o entendimento. O documento, no entanto, n\u00e3o fala em \u201cfilia\u00e7\u00e3o\u201d do presidenci\u00e1vel.<\/p>\n<p>\u201c\u00c9 com muito orgulho que o PSL recebe o deputado Jair Bolsonaro e sua pr\u00e9-candidatura a Presid\u00eancia da Rep\u00fablica. Outrossim, \u00e9 com muita honra que o deputado se sente abrigado pela legenda, e muito \u00e0 vontade em um partido onde existe total comunh\u00e3o de pensamentos\u201d, diz o texto.<\/p>\n<p>O comunicado ainda afirma que as prioridades tanto para Bivar quanto para Bolsonaro s\u00e3o \u201co pensamento econ\u00f4mico liberal, sem qualquer vi\u00e9s ideol\u00f3gico, assim como, o soberano direito a propriedade privada e a valoriza\u00e7\u00e3o das for\u00e7as armadas e de seguran\u00e7a\u201d. \u201cPreservar as institui\u00e7\u00f5es\u201d e \u201cdefender os valores e princ\u00edpios \u00e9ticos e morais da fam\u00edlia brasileira\u201d tamb\u00e9m s\u00e3o citados no texto, que anuncia a unifica\u00e7\u00e3o dos objetivos do PSL aos \u201cdesejos de mudan\u00e7a\u201d de Jair Bolsonaro.<\/p>\n","protected":false},"excerpt":{"rendered":"<p>O deputado federal e pr\u00e9-candidato \u00e0 Presid\u00eancia da Rep\u00fablica Jair Bolsonaro (PSC-RJ) anunciou nesta sexta-feira que concorrer\u00e1 ao Pal\u00e1cio do Planalto pelo Partido Social Liberal (PSL). Bolsonaro e o PSL divulgaram um comunicado, assinado pelo deputado e o presidente do partido, Luciano Bivar, em que anunciam o entendimento. O documento, no entanto, n\u00e3o fala em &hellip;<\/p>\n","protected":false},"author":3,"featured_media":8976,"comment_status":"open","ping_status":"open","sticky":false,"template":"","format":"standard","meta":{"_exactmetrics_skip_tracking":false,"_exactmetrics_sitenote_active":false,"_exactmetrics_sitenote_note":"","_exactmetrics_sitenote_category":0,"footnotes":""},"categories":[2],"tags":[],"_links":{"self":[{"href":"https:\/\/goiasemtempo.com.br\/home\/wp-json\/wp\/v2\/posts\/8975"}],"collection":[{"href":"https:\/\/goiasemtempo.com.br\/home\/wp-json\/wp\/v2\/posts"}],"about":[{"href":"https:\/\/goiasemtempo.com.br\/home\/wp-json\/wp\/v2\/types\/post"}],"author":[{"embeddable":true,"href":"https:\/\/goiasemtempo.com.br\/home\/wp-json\/wp\/v2\/users\/3"}],"replies":[{"embeddable":true,"href":"https:\/\/goiasemtempo.com.br\/home\/wp-json\/wp\/v2\/comments?post=8975"}],"version-history":[{"count":2,"href":"https:\/\/goiasemtempo.com.br\/home\/wp-json\/wp\/v2\/posts\/8975\/revisions"}],"predecessor-version":[{"id":8978,"href":"https:\/\/goiasemtempo.com.br\/home\/wp-json\/wp\/v2\/posts\/8975\/revisions\/8978"}],"wp:featuredmedia":[{"embeddable":true,"href":"https:\/\/goiasemtempo.com.br\/home\/wp-json\/wp\/v2\/media\/8976"}],"wp:attachment":[{"href":"https:\/\/goiasemtempo.com.br\/home\/wp-json\/wp\/v2\/media?parent=8975"}],"wp:term":[{"taxonomy":"category","embeddable":true,"href":"https:\/\/goiasemtempo.com.br\/home\/wp-json\/wp\/v2\/categories?post=8975"},{"taxonomy":"post_tag","embeddable":true,"href":"https:\/\/goiasemtempo.com.br\/home\/wp-json\/wp\/v2\/tags?post=8975"}],"curies":[{"name":"wp","href":"https:\/\/api.w.org\/{rel}","templated":true}]}}