{"id":8916,"date":"2018-01-05T18:25:47","date_gmt":"2018-01-05T18:25:47","guid":{"rendered":"http:\/\/goiasemtempo.com.br\/home\/?p=8916"},"modified":"2018-01-05T18:25:47","modified_gmt":"2018-01-05T18:25:47","slug":"blairo-maggi-o-mundo-nao-pode-ficar-sem-o-brasil-no-fornecimento-de-alimentos","status":"publish","type":"post","link":"https:\/\/goiasemtempo.com.br\/home\/blairo-maggi-o-mundo-nao-pode-ficar-sem-o-brasil-no-fornecimento-de-alimentos\/","title":{"rendered":"Blairo Maggi: o mundo n\u00e3o pode ficar sem o Brasil no fornecimento de alimentos"},"content":{"rendered":"<p>Em entrevista exclusiva ao programa Nos corredores do Poder, da TV Brasil, que foi ao ar na noite desta quinta-feira (4), o ministro da Agricultura, Pecu\u00e1ria e Abastecimento, Blairo Maggi, falou da import\u00e2ncia do setor agropecu\u00e1rio para a balan\u00e7a comercial brasileira e sobre a import\u00e2ncia do pa\u00eds no mercado mundial de alimentos.<\/p>\n<p>\u201cO mundo pode reclamar do Brasil em algumas coisas, mas o mundo n\u00e3o pode ficar sem o Brasil no fornecimento de alimentos. Isso \u00e9 importante e nos d\u00e1 mais responsabilidade, somos um player importante e o mundo hoje n\u00e3o vive sem a presen\u00e7a do Brasil\u201d, avaliou, destacando que o pa\u00eds consegue, al\u00e9m de garantir a alimenta\u00e7\u00e3o dos brasileiros, exportar alimentos para mais de 150 pa\u00edses. \u201cO Brasil construiu nos \u00faltimos 40, 50 anos, uma revolu\u00e7\u00e3o. N\u00f3s eramos na d\u00e9cada de 70 importadores de alimentos e hoje somos exportadores.\u201d<\/p>\n<p>Carne Fraca<\/p>\n<p>Em 2017, o valor bruto da produ\u00e7\u00e3o nacional agropecu\u00e1ria foi de R$ 533,5 bilh\u00f5es, um crescimento de 1,6% em rela\u00e7\u00e3o a 2016. Mas, enquanto a agricultura cresceu 5,5%, a pecu\u00e1ria caiu 5,8% no per\u00edodo. O ministro explicou que um dos principais fatores que influenciaram na queda do valor da carne nacional no mercado internacional foi a Opera\u00e7\u00e3o Carne Fraca, deflagrada pela Pol\u00edcia Federal em 17 de mar\u00e7o de 2017, que desarticulou um esquema de corrup\u00e7\u00e3o envolvendo fiscais agropecu\u00e1rios e donos de frigor\u00edficos nos estados do Paran\u00e1, Minas Gerais e Goi\u00e1s.<\/p>\n<p>Segundo as investiga\u00e7\u00f5es da PF, fiscais recebiam propina das empresas para emitir certificados sanit\u00e1rios sem fiscaliza\u00e7\u00e3o efetiva da carne, o que permitia a venda de produtos com prazo de validade vencido. Maggi reconhece que a Carne Fraca foi um desastre para a imagem da carne brasileira, que vinha sendo constru\u00edda nas \u00faltimas d\u00e9cadas, pelo governo e pelas associa\u00e7\u00f5es de produtores.<\/p>\n<p>\u201cEsse evento atrapalhou demais o Brasil e n\u00f3s perdemos muitos mercados naquele per\u00edodo. Mas conseguimos ir reconquistando. E os mercados eles s\u00e3o disputados na base da botina, n\u00e3o tem nada de love [amor, em ingl\u00eas] nesse processo. Ent\u00e3o, quando um pa\u00eds percebe que voc\u00ea est\u00e1 em desvantagem, os compradores de l\u00e1 tentam baixar o pre\u00e7o, e foi o que fizeram, baixaram o pre\u00e7o das carnes brasileiras e, para voltar a fazer as vendas, fomos com pre\u00e7os menores. Mas esses pre\u00e7os j\u00e1 est\u00e3o sendo recuperados e n\u00f3s vamos ver a pecu\u00e1ria ter um valor agregado maior\u201d, disse.<\/p>\n<p>O ministro disse que considera que o assunto j\u00e1 foi superado, que \u201ctodo mundo j\u00e1 aproveitou do que dava para aproveitar comercialmente\u201d, e que \u201co importante \u00e9 que o pa\u00eds recuperou os mercados que havia perdido e estamos ampliando esses mercados, estamos abrindo a Indon\u00e9sia, entre outros pa\u00edses interessantes, e devemos voltar, agora em 2018, a vender para os EUA novamente\u201d, concluiu.<\/p>\n<p>Febre aftosa<\/p>\n<p>Blairo Maggi tamb\u00e9m falou sobre a expectativa de que, at\u00e9 maio de 2018, o Brasil receba o Certificado de Pa\u00eds Livre de Febre Aftosa com Vacina\u00e7\u00e3o da Organiza\u00e7\u00e3o Mundial de Sa\u00fade Animal (OIE), o que vai permitir que o pa\u00eds passe a atuar em novos mercados. O ministro disse que essa \u00e9 uma luta muito antiga do Brasil e que o esfor\u00e7o para a erradica\u00e7\u00e3o da aftosa no envolveu v\u00e1rios ministros, secret\u00e1rios, dezenas de governadores, secret\u00e1rios estaduais e produtores.<\/p>\n<p>\u201cChegando nesse ponto, j\u00e1 estamos iniciando um outro projeto para que, at\u00e9 2022 ou 2023, o pa\u00eds receba o certificado de pa\u00eds livre de aftosa sem vacina\u00e7\u00e3o. Significa que nossos t\u00e9cnicos, o sistema de controle, junto com os produtores, j\u00e1 chegaram a conclus\u00e3o de que uma vez livre com vacina\u00e7\u00e3o, tamb\u00e9m podemos ser livres sem vacina\u00e7\u00e3o, pois n\u00e3o temos o v\u00edrus circulando no Brasil h\u00e1 muitos anos.\u201d Segundo o ministro, o Brasil ganhar\u00e1 muito com isso, \u201co valor da nossa carne vai mudar, teremos outro status pra trabalhar\u201d, disse.<\/p>\n<p>Maggi explicou que a vantagem trazidas por esses certificados \u00e9 a abertura de mercados hoje fechados para os produtos brasileiros.<\/p>\n<p>\u201cN\u00f3s hoje n\u00e3o podemos vender, para a maioria dos pa\u00edses do mundo, carne com osso, por exemplo. Temos que desossar toda a nossa carne porque no osso \u00e9 que tem o risco de se levar o v\u00edrus para outro pa\u00eds. Ent\u00e3o, Jap\u00e3o n\u00e3o compra nossa carne, v\u00e1rios s\u00f3 compram desossada, tem pa\u00edses extremamente exigentes, como os EUA, por exemplo, para quem n\u00e3o podemos vender carne com osso tamb\u00e9m, na grande maioria carne processada. Ent\u00e3o isso vai abrir um mercado muito grande. E n\u00e3o \u00e9 s\u00f3 no mercado de carne bovina, mas tamb\u00e9m de su\u00edna.\u201d<\/p>\n<p>Edi\u00e7\u00e3o: Amanda Cieglinski<\/p>\n","protected":false},"excerpt":{"rendered":"<p>Em entrevista exclusiva ao programa Nos corredores do Poder, da TV Brasil, que foi ao ar na noite desta quinta-feira (4), o ministro da Agricultura, Pecu\u00e1ria e Abastecimento, Blairo Maggi, falou da import\u00e2ncia do setor agropecu\u00e1rio para a balan\u00e7a comercial brasileira e sobre a import\u00e2ncia do pa\u00eds no mercado mundial de alimentos. \u201cO mundo pode &hellip;<\/p>\n","protected":false},"author":2,"featured_media":8713,"comment_status":"open","ping_status":"open","sticky":false,"template":"","format":"standard","meta":{"_exactmetrics_skip_tracking":false,"_exactmetrics_sitenote_active":false,"_exactmetrics_sitenote_note":"","_exactmetrics_sitenote_category":0,"footnotes":""},"categories":[4],"tags":[],"_links":{"self":[{"href":"https:\/\/goiasemtempo.com.br\/home\/wp-json\/wp\/v2\/posts\/8916"}],"collection":[{"href":"https:\/\/goiasemtempo.com.br\/home\/wp-json\/wp\/v2\/posts"}],"about":[{"href":"https:\/\/goiasemtempo.com.br\/home\/wp-json\/wp\/v2\/types\/post"}],"author":[{"embeddable":true,"href":"https:\/\/goiasemtempo.com.br\/home\/wp-json\/wp\/v2\/users\/2"}],"replies":[{"embeddable":true,"href":"https:\/\/goiasemtempo.com.br\/home\/wp-json\/wp\/v2\/comments?post=8916"}],"version-history":[{"count":1,"href":"https:\/\/goiasemtempo.com.br\/home\/wp-json\/wp\/v2\/posts\/8916\/revisions"}],"predecessor-version":[{"id":8917,"href":"https:\/\/goiasemtempo.com.br\/home\/wp-json\/wp\/v2\/posts\/8916\/revisions\/8917"}],"wp:featuredmedia":[{"embeddable":true,"href":"https:\/\/goiasemtempo.com.br\/home\/wp-json\/wp\/v2\/media\/8713"}],"wp:attachment":[{"href":"https:\/\/goiasemtempo.com.br\/home\/wp-json\/wp\/v2\/media?parent=8916"}],"wp:term":[{"taxonomy":"category","embeddable":true,"href":"https:\/\/goiasemtempo.com.br\/home\/wp-json\/wp\/v2\/categories?post=8916"},{"taxonomy":"post_tag","embeddable":true,"href":"https:\/\/goiasemtempo.com.br\/home\/wp-json\/wp\/v2\/tags?post=8916"}],"curies":[{"name":"wp","href":"https:\/\/api.w.org\/{rel}","templated":true}]}}