{"id":8858,"date":"2018-01-05T18:10:21","date_gmt":"2018-01-05T18:10:21","guid":{"rendered":"http:\/\/goiasemtempo.com.br\/home\/?p=8858"},"modified":"2018-01-05T18:10:21","modified_gmt":"2018-01-05T18:10:21","slug":"tentativa-de-rebeliao-na-colonia-agroindustrial-do-regime-semiaberto-esta-controlada","status":"publish","type":"post","link":"https:\/\/goiasemtempo.com.br\/home\/tentativa-de-rebeliao-na-colonia-agroindustrial-do-regime-semiaberto-esta-controlada\/","title":{"rendered":"Tentativa de rebeli\u00e3o na Col\u00f4nia Agroindustrial do Regime Semiaberto est\u00e1 controlada"},"content":{"rendered":"<p>O Governo de Goi\u00e1s confirma que, no in\u00edcio da noite desta quinta-feira, dia 04, houve uma tentativa de invas\u00e3o de presos da ala C nas alas A, B e D da Col\u00f4nia Agroindustrial do Regime Semiaberto, no Complexo Prisional de Aparecida de Goi\u00e2nia.<\/p>\n<p>O servi\u00e7o de intelig\u00eancia policial da SSP j\u00e1 monitorava a a\u00e7\u00e3o dos presos e a tentativa de rebeli\u00e3o foi rapidamente controlada.<\/p>\n<p>N\u00e3o houve mortes nem feridos. Uma fuga foi registrada.<\/p>\n<p>Houve tentativa de explos\u00e3o de uma granada e troca de tiros, mas as for\u00e7as policiais agiram de forma en\u00e9rgica para conter a situa\u00e7\u00e3o.<\/p>\n<p>Vale lembrar que uma vistoria foi realizada na unidade na quarta-feira (03\/01).<\/p>\n<p>A Pol\u00edcia Civil j\u00e1 est\u00e1 com as investiga\u00e7\u00f5es em est\u00e1gio avan\u00e7ado na apura\u00e7\u00e3o dos fatos que ocasionam tumultos no pres\u00eddio nos \u00faltimos dias.<\/p>\n<p>O Governo de Goi\u00e1s destaca a efici\u00eancia do servi\u00e7o de Intelig\u00eancia, bem como a a\u00e7\u00e3o das for\u00e7as policiais que conseguiram acabar com o tumulto rapidamente.<\/p>\n","protected":false},"excerpt":{"rendered":"<p>O Governo de Goi\u00e1s confirma que, no in\u00edcio da noite desta quinta-feira, dia 04, houve uma tentativa de invas\u00e3o de presos da ala C nas alas A, B e D da Col\u00f4nia Agroindustrial do Regime Semiaberto, no Complexo Prisional de Aparecida de Goi\u00e2nia. O servi\u00e7o de intelig\u00eancia policial da SSP j\u00e1 monitorava a a\u00e7\u00e3o dos &hellip;<\/p>\n","protected":false},"author":2,"featured_media":8742,"comment_status":"open","ping_status":"open","sticky":false,"template":"","format":"standard","meta":{"_exactmetrics_skip_tracking":false,"_exactmetrics_sitenote_active":false,"_exactmetrics_sitenote_note":"","_exactmetrics_sitenote_category":0,"footnotes":""},"categories":[4],"tags":[],"_links":{"self":[{"href":"https:\/\/goiasemtempo.com.br\/home\/wp-json\/wp\/v2\/posts\/8858"}],"collection":[{"href":"https:\/\/goiasemtempo.com.br\/home\/wp-json\/wp\/v2\/posts"}],"about":[{"href":"https:\/\/goiasemtempo.com.br\/home\/wp-json\/wp\/v2\/types\/post"}],"author":[{"embeddable":true,"href":"https:\/\/goiasemtempo.com.br\/home\/wp-json\/wp\/v2\/users\/2"}],"replies":[{"embeddable":true,"href":"https:\/\/goiasemtempo.com.br\/home\/wp-json\/wp\/v2\/comments?post=8858"}],"version-history":[{"count":1,"href":"https:\/\/goiasemtempo.com.br\/home\/wp-json\/wp\/v2\/posts\/8858\/revisions"}],"predecessor-version":[{"id":8859,"href":"https:\/\/goiasemtempo.com.br\/home\/wp-json\/wp\/v2\/posts\/8858\/revisions\/8859"}],"wp:featuredmedia":[{"embeddable":true,"href":"https:\/\/goiasemtempo.com.br\/home\/wp-json\/wp\/v2\/media\/8742"}],"wp:attachment":[{"href":"https:\/\/goiasemtempo.com.br\/home\/wp-json\/wp\/v2\/media?parent=8858"}],"wp:term":[{"taxonomy":"category","embeddable":true,"href":"https:\/\/goiasemtempo.com.br\/home\/wp-json\/wp\/v2\/categories?post=8858"},{"taxonomy":"post_tag","embeddable":true,"href":"https:\/\/goiasemtempo.com.br\/home\/wp-json\/wp\/v2\/tags?post=8858"}],"curies":[{"name":"wp","href":"https:\/\/api.w.org\/{rel}","templated":true}]}}