{"id":8836,"date":"2018-01-05T18:04:29","date_gmt":"2018-01-05T18:04:29","guid":{"rendered":"http:\/\/goiasemtempo.com.br\/home\/?p=8836"},"modified":"2018-01-05T18:04:29","modified_gmt":"2018-01-05T18:04:29","slug":"ue-aposta-em-abrir-portas-para-cuba-apesar-de-bloqueio-dos-eua","status":"publish","type":"post","link":"https:\/\/goiasemtempo.com.br\/home\/ue-aposta-em-abrir-portas-para-cuba-apesar-de-bloqueio-dos-eua\/","title":{"rendered":"UE aposta em abrir portas para Cuba, apesar de bloqueio dos EUA"},"content":{"rendered":"<p>A chefe da diplomacia europeia, Federica Mogherini, conclui, nesta quinta-feira, uma visita de dois dias a Cuba, onde deixou claro que as portas do bloco continuar\u00e3o abertas \u00e0 ilha, apesar do embargo aplicado pelos Estados Unidos.<\/p>\n<p>A Alta Representante para Pol\u00edtica Exterior da Uni\u00e3o Europeia deve se reunir com o presidente do Parlamento, Esteban Lazo, e o ministro de Rela\u00e7\u00f5es Exteriores, Bruno Rodr\u00edguez. Sua visita acontece tr\u00eas meses antes de Ra\u00fal Castro deixar o poder.<\/p>\n<p>Na quarta-feira, durante um encontro com professores e estudantes em Havana, Mogherini classificou como obsoleto e ilegal o plano restritivo que Washington aplica contra Cuba desde 1962.<\/p>\n<p>O bloqueio n\u00e3o \u00e9 a solu\u00e7\u00e3o. Os europeus dissemos muitas vezes a nossos amigos americanos e afirmamos nas Na\u00e7\u00f5es Unidas, destacou. O \u00fanico efeito do bloqueio \u00e9 piorar a qualidade de vida de mulheres, homens e crian\u00e7as da ilha.<\/p>\n<p>A diplomata recha\u00e7ou tamb\u00e9m as san\u00e7\u00f5es americanas contra cidad\u00e3os e empresas europeias que comercializem com a ilha. N\u00e3o podemos aceitar que medidas unilaterais impe\u00e7am ou deteriorem nossas rela\u00e7\u00f5es econ\u00f4micas ou comerciais com Cuba, considerou.<\/p>\n<p>Sua presen\u00e7a na ilha, segundo ela, tem por objetivo preparar a implementa\u00e7\u00e3o total do Acordo de Di\u00e1logo Pol\u00edtico e Coopera\u00e7\u00e3o bilateral, em vigor provisoriamente desde 1 de novembro de 2017, \u00e0 espera de ser ratificado pelo bloco europeu. Para isso, se encontrou com o ministro de Investimento Estrangeiro e Com\u00e9rcio Exterior, Rodrigo Malmierca.<\/p>\n<p>A UE \u00e9 o segundo maior parceiro comercial de Cuba, atr\u00e1s da China, com interc\u00e2mbios de 2,4 bilh\u00f5es de d\u00f3lares em 2016. O bloco tamb\u00e9m \u00e9 o maior investidor estrangeiro na ilha, em \u00e1reas como turismo e o agroneg\u00f3cio.<\/p>\n","protected":false},"excerpt":{"rendered":"<p>A chefe da diplomacia europeia, Federica Mogherini, conclui, nesta quinta-feira, uma visita de dois dias a Cuba, onde deixou claro que as portas do bloco continuar\u00e3o abertas \u00e0 ilha, apesar do embargo aplicado pelos Estados Unidos. A Alta Representante para Pol\u00edtica Exterior da Uni\u00e3o Europeia deve se reunir com o presidente do Parlamento, Esteban Lazo, &hellip;<\/p>\n","protected":false},"author":2,"featured_media":8753,"comment_status":"open","ping_status":"open","sticky":false,"template":"","format":"standard","meta":{"footnotes":""},"categories":[4],"tags":[],"class_list":["post-8836","post","type-post","status-publish","format-standard","has-post-thumbnail","hentry","category-ultimas-noticias"],"_links":{"self":[{"href":"https:\/\/goiasemtempo.com.br\/home\/wp-json\/wp\/v2\/posts\/8836","targetHints":{"allow":["GET"]}}],"collection":[{"href":"https:\/\/goiasemtempo.com.br\/home\/wp-json\/wp\/v2\/posts"}],"about":[{"href":"https:\/\/goiasemtempo.com.br\/home\/wp-json\/wp\/v2\/types\/post"}],"author":[{"embeddable":true,"href":"https:\/\/goiasemtempo.com.br\/home\/wp-json\/wp\/v2\/users\/2"}],"replies":[{"embeddable":true,"href":"https:\/\/goiasemtempo.com.br\/home\/wp-json\/wp\/v2\/comments?post=8836"}],"version-history":[{"count":1,"href":"https:\/\/goiasemtempo.com.br\/home\/wp-json\/wp\/v2\/posts\/8836\/revisions"}],"predecessor-version":[{"id":8837,"href":"https:\/\/goiasemtempo.com.br\/home\/wp-json\/wp\/v2\/posts\/8836\/revisions\/8837"}],"wp:featuredmedia":[{"embeddable":true,"href":"https:\/\/goiasemtempo.com.br\/home\/wp-json\/wp\/v2\/media\/8753"}],"wp:attachment":[{"href":"https:\/\/goiasemtempo.com.br\/home\/wp-json\/wp\/v2\/media?parent=8836"}],"wp:term":[{"taxonomy":"category","embeddable":true,"href":"https:\/\/goiasemtempo.com.br\/home\/wp-json\/wp\/v2\/categories?post=8836"},{"taxonomy":"post_tag","embeddable":true,"href":"https:\/\/goiasemtempo.com.br\/home\/wp-json\/wp\/v2\/tags?post=8836"}],"curies":[{"name":"wp","href":"https:\/\/api.w.org\/{rel}","templated":true}]}}