{"id":8824,"date":"2018-01-05T18:01:18","date_gmt":"2018-01-05T18:01:18","guid":{"rendered":"http:\/\/goiasemtempo.com.br\/home\/?p=8824"},"modified":"2018-01-05T18:01:18","modified_gmt":"2018-01-05T18:01:18","slug":"cate-blanchett-presidira-juri-do-festival-de-cannes-de-2018","status":"publish","type":"post","link":"https:\/\/goiasemtempo.com.br\/home\/cate-blanchett-presidira-juri-do-festival-de-cannes-de-2018\/","title":{"rendered":"Cate Blanchett presidir\u00e1 j\u00fari do Festival de Cannes de 2018"},"content":{"rendered":"<p>Atriz australiana Cate Blanchett posa para fotos durante Festival de Cannes, na Fran\u00e7a 17\/05\/2015 REUTERS\/Regis Duvignau<\/p>\n<p>PARIS (Reuters) &#8211; A atriz australiana Cate Blanchett presidir\u00e1 o j\u00fari do Festival Internacional de Cinema de Cannes deste ano na Riviera Francesa, comunicaram os organizadores do evento, nesta quinta-feira.<\/p>\n<p>A atriz de 48 anos foi aclamada internacionalmente por sua interpreta\u00e7\u00e3o da rainha inglesa Elizabeth 1\u00ba em Elizabeth, filme de 1998 de Shekhar Kapur, e conquistou tr\u00eas Globos de Ouro.<\/p>\n<p>Os outros membros do j\u00fari da 71\u00aa edi\u00e7\u00e3o do festival, que acontece entre os dias 8 e 19 de maio, ser\u00e3o anunciados posteriormente.<\/p>\n<p>Cate Blanchett assume o posto do diretor espanhol Pedro Almod\u00f3var em Cannes, que no ano passado concedeu a Palma de Ouro ao drama sat\u00edrico sueco The Square \u2013 A Arte da Disc\u00f3rdia.<\/p>\n","protected":false},"excerpt":{"rendered":"<p>Atriz australiana Cate Blanchett posa para fotos durante Festival de Cannes, na Fran\u00e7a 17\/05\/2015 REUTERS\/Regis Duvignau PARIS (Reuters) &#8211; A atriz australiana Cate Blanchett presidir\u00e1 o j\u00fari do Festival Internacional de Cinema de Cannes deste ano na Riviera Francesa, comunicaram os organizadores do evento, nesta quinta-feira. A atriz de 48 anos foi aclamada internacionalmente por &hellip;<\/p>\n","protected":false},"author":2,"featured_media":8759,"comment_status":"open","ping_status":"open","sticky":false,"template":"","format":"standard","meta":{"footnotes":""},"categories":[4],"tags":[],"class_list":["post-8824","post","type-post","status-publish","format-standard","has-post-thumbnail","hentry","category-ultimas-noticias"],"_links":{"self":[{"href":"https:\/\/goiasemtempo.com.br\/home\/wp-json\/wp\/v2\/posts\/8824","targetHints":{"allow":["GET"]}}],"collection":[{"href":"https:\/\/goiasemtempo.com.br\/home\/wp-json\/wp\/v2\/posts"}],"about":[{"href":"https:\/\/goiasemtempo.com.br\/home\/wp-json\/wp\/v2\/types\/post"}],"author":[{"embeddable":true,"href":"https:\/\/goiasemtempo.com.br\/home\/wp-json\/wp\/v2\/users\/2"}],"replies":[{"embeddable":true,"href":"https:\/\/goiasemtempo.com.br\/home\/wp-json\/wp\/v2\/comments?post=8824"}],"version-history":[{"count":1,"href":"https:\/\/goiasemtempo.com.br\/home\/wp-json\/wp\/v2\/posts\/8824\/revisions"}],"predecessor-version":[{"id":8825,"href":"https:\/\/goiasemtempo.com.br\/home\/wp-json\/wp\/v2\/posts\/8824\/revisions\/8825"}],"wp:featuredmedia":[{"embeddable":true,"href":"https:\/\/goiasemtempo.com.br\/home\/wp-json\/wp\/v2\/media\/8759"}],"wp:attachment":[{"href":"https:\/\/goiasemtempo.com.br\/home\/wp-json\/wp\/v2\/media?parent=8824"}],"wp:term":[{"taxonomy":"category","embeddable":true,"href":"https:\/\/goiasemtempo.com.br\/home\/wp-json\/wp\/v2\/categories?post=8824"},{"taxonomy":"post_tag","embeddable":true,"href":"https:\/\/goiasemtempo.com.br\/home\/wp-json\/wp\/v2\/tags?post=8824"}],"curies":[{"name":"wp","href":"https:\/\/api.w.org\/{rel}","templated":true}]}}