{"id":8663,"date":"2018-01-04T16:13:20","date_gmt":"2018-01-04T16:13:20","guid":{"rendered":"http:\/\/goiasemtempo.com.br\/home\/?p=8663"},"modified":"2018-01-04T16:13:20","modified_gmt":"2018-01-04T16:13:20","slug":"temer-enfrenta-exodo-de-ministros-por-eleicoes","status":"publish","type":"post","link":"https:\/\/goiasemtempo.com.br\/home\/temer-enfrenta-exodo-de-ministros-por-eleicoes\/","title":{"rendered":"Temer enfrenta \u00eaxodo de ministros por elei\u00e7\u00f5es"},"content":{"rendered":"<p>O ministro da Ind\u00fastria e Com\u00e9rcio Exterior, Marcos Pereira, renunciou nesta quarta-feira por quest\u00f5es pessoais e partid\u00e1rias, na quarta deser\u00e7\u00e3o no gabinete do presidente Michel Temer em menos de dois meses, diante do quadro eleitoral de 2018.<\/p>\n<p>Marcos Pereira deixa seu cargo apenas 24 horas ap\u00f3s anunciar o maior super\u00e1vit comercial da hist\u00f3ria do Brasil.<\/p>\n<p>Pastor evang\u00e9lico de 44 anos e presidente do PRB, Marcos Pereira ser\u00e1 candidato a deputado federal nas elei\u00e7\u00f5es de outubro, revelou \u00e0 AFP uma fonte do Pal\u00e1cio do Planalto.<\/p>\n<p>O gabinete de Temer tem 13 de seus 28 ministros com pretens\u00f5es de concorrer a um mandato no Congresso nas elei\u00e7\u00f5es de outubro.<\/p>\n<p>A lei eleitoral exige que o candidatos entreguem seus cargos no governo at\u00e9 abril, seis meses antes da vota\u00e7\u00e3o.<\/p>\n<p>Desde novembro do ano passado, Temer j\u00e1 perdeu quatro ministros, tr\u00eas com mandato na C\u00e2mara dos Deputados.<\/p>\n<p>O primeiro a sair foi o ministro das Cidades, Bruno Araujo, que como seu colega da Secretaria de Governo, Ant\u00f4nio Imbassahy, integra o PSDB, partido da base aliada que apresentar\u00e1 um candidato \u00e0 presid\u00eancia.<\/p>\n<p>Outra baixa foi a do ministro do Trabalho, Ronaldo Nogueira (PTB), que tentar\u00e1 manter sua cadeira de deputado, e agora a de Pereira.<\/p>\n<p>Temer nomeou para o lugar de Nogueira a deputada Cristiane Brasil, a nova ministra do Trabalho.<\/p>\n<p>Cristiane \u00e9 filha de Roberto Jefferson, presidente do PTB, partido da base aliada e que apoia a reforma da Previd\u00eancia.<\/p>\n","protected":false},"excerpt":{"rendered":"<p>O ministro da Ind\u00fastria e Com\u00e9rcio Exterior, Marcos Pereira, renunciou nesta quarta-feira por quest\u00f5es pessoais e partid\u00e1rias, na quarta deser\u00e7\u00e3o no gabinete do presidente Michel Temer em menos de dois meses, diante do quadro eleitoral de 2018. Marcos Pereira deixa seu cargo apenas 24 horas ap\u00f3s anunciar o maior super\u00e1vit comercial da hist\u00f3ria do Brasil. &hellip;<\/p>\n","protected":false},"author":2,"featured_media":8429,"comment_status":"open","ping_status":"open","sticky":false,"template":"","format":"standard","meta":{"_exactmetrics_skip_tracking":false,"_exactmetrics_sitenote_active":false,"_exactmetrics_sitenote_note":"","_exactmetrics_sitenote_category":0,"footnotes":""},"categories":[4],"tags":[],"_links":{"self":[{"href":"https:\/\/goiasemtempo.com.br\/home\/wp-json\/wp\/v2\/posts\/8663"}],"collection":[{"href":"https:\/\/goiasemtempo.com.br\/home\/wp-json\/wp\/v2\/posts"}],"about":[{"href":"https:\/\/goiasemtempo.com.br\/home\/wp-json\/wp\/v2\/types\/post"}],"author":[{"embeddable":true,"href":"https:\/\/goiasemtempo.com.br\/home\/wp-json\/wp\/v2\/users\/2"}],"replies":[{"embeddable":true,"href":"https:\/\/goiasemtempo.com.br\/home\/wp-json\/wp\/v2\/comments?post=8663"}],"version-history":[{"count":1,"href":"https:\/\/goiasemtempo.com.br\/home\/wp-json\/wp\/v2\/posts\/8663\/revisions"}],"predecessor-version":[{"id":8664,"href":"https:\/\/goiasemtempo.com.br\/home\/wp-json\/wp\/v2\/posts\/8663\/revisions\/8664"}],"wp:featuredmedia":[{"embeddable":true,"href":"https:\/\/goiasemtempo.com.br\/home\/wp-json\/wp\/v2\/media\/8429"}],"wp:attachment":[{"href":"https:\/\/goiasemtempo.com.br\/home\/wp-json\/wp\/v2\/media?parent=8663"}],"wp:term":[{"taxonomy":"category","embeddable":true,"href":"https:\/\/goiasemtempo.com.br\/home\/wp-json\/wp\/v2\/categories?post=8663"},{"taxonomy":"post_tag","embeddable":true,"href":"https:\/\/goiasemtempo.com.br\/home\/wp-json\/wp\/v2\/tags?post=8663"}],"curies":[{"name":"wp","href":"https:\/\/api.w.org\/{rel}","templated":true}]}}