{"id":8657,"date":"2018-01-04T16:11:36","date_gmt":"2018-01-04T16:11:36","guid":{"rendered":"http:\/\/goiasemtempo.com.br\/home\/?p=8657"},"modified":"2018-01-04T16:11:36","modified_gmt":"2018-01-04T16:11:36","slug":"uma-semana-de-protestos-no-ira","status":"publish","type":"post","link":"https:\/\/goiasemtempo.com.br\/home\/uma-semana-de-protestos-no-ira\/","title":{"rendered":"Uma semana de protestos no Ir\u00e3"},"content":{"rendered":"<p>Pa\u00eds submetido durante anos a san\u00e7\u00f5es internacionais por suas atividades nucleares, o Ir\u00e3 \u00e9 palco, desde a semana passada, de manifesta\u00e7\u00f5es contra a situa\u00e7\u00e3o econ\u00f4mica e contra o governo.<\/p>\n<p>Os protestos j\u00e1 deixaram 21 mortos, a maioria manifestantes, e centenas de detidos.<\/p>\n<p>Tratam-se das manifesta\u00e7\u00f5es mais importantes no pa\u00eds desde os de 2009, violentamente reprimidos, contra a reelei\u00e7\u00e3o do ent\u00e3o presidente ultraconservador Mahmud Ahmadinejad.<\/p>\n<p>&#8211; Mashhad &#8211;<\/p>\n<p>Em 28 de dezembro, centenas de pessoas se manifestaram na segunda maior cidade do pa\u00eds, Mashhad (nordeste), contra a alta dos pre\u00e7os, contra o desemprego e contra o governo de presidente Hassan Rouhani.<\/p>\n<p>Segundo imagens de v\u00eddeo difundidas pela m\u00eddia reformista Nazar, os manifestantes gritavam Morte a Rohani! e criticaram os compromissos do governo no \u00e2mbito regional antes mesmo que no \u00e2mbito dom\u00e9stico.<\/p>\n<p>&#8211; Condena\u00e7\u00e3o de Washington &#8211;<\/p>\n<p>Em 29 de dezembro, centenas de pessoas se manifestaram em Qom (norte), gritando Morte ao ditador e Libertem os presos pol\u00edticos, segundo v\u00eddeos divulgados nas redes sociais. Outros manifestantes pediam ao regime que abandone seu apoio militar e financeiro aos movimentos regionais aliados para se ocupar de seu pr\u00f3prio povo.<\/p>\n<p>O primeiro-vice-presidente iraniano, Eshaq Jahanguiri, acusou a oposi\u00e7\u00e3o de estar por tr\u00e1s dos movimentos de protesto.<\/p>\n<p>Os Estados Unidos condenaram as deten\u00e7\u00f5es.<\/p>\n<p>Os dirigentes iranianos transformaram um pa\u00eds pr\u00f3spero, dotado de uma hist\u00f3ria e de uma cultura ricas, em um Estado relegado \u00e0 deriva, que exporta principalmente viol\u00eancia, banho de sangue e caos, disse em um comunicado o Departamento de Estado.<\/p>\n<p>&#8211; Manifesta\u00e7\u00f5es ilegais &#8211;<\/p>\n<p>Em 30 de dezembro, o regime tamb\u00e9m lan\u00e7ou milhares de pessoas \u00e0s ruas para celebrar o anivers\u00e1rio da grande mobiliza\u00e7\u00e3o pr\u00f3-governo que marcou o fim da contesta\u00e7\u00e3o contra a reelei\u00e7\u00e3o na Presid\u00eancia de Mahmud Ahmadinejad em 2009.<\/p>\n<p>O ministro iraniano do Interior pediu \u00e0 popula\u00e7\u00e3o que n\u00e3o participe de manifesta\u00e7\u00f5es ilegais.<\/p>\n<p>\u00c0 tarde, centenas de pessoas protestaram no bairro da universidade, expressando sua rejei\u00e7\u00e3o ao governo, antes de serem dispersados pela pol\u00edcia.<\/p>\n<p>O presidente americano, Donald Trump, reiterou suas advert\u00eancias em rela\u00e7\u00e3o ao poder iraniano, afirmando que os regimes opressivos n\u00e3o podem durar para sempre.<\/p>\n<p>&#8211; Manifestantes mortos &#8211;<\/p>\n<p>Dois manifestantes morreram na madrugada de 31 de dezembro durante confrontos na cidade de Dorud (oeste), indicou o vice-governador da prov\u00edncia de Lorestan, Habibollah Khojastehpur, assegurando que as for\u00e7as de seguran\u00e7a n\u00e3o atiraram contra os manifestantes.<\/p>\n<p>O governo advertiu os manifestantes, dizendo: Aqueles que destroem os bens p\u00fablicos, criam desordem e atuam na ilegalidade devem responder por seus atos e pagar o pre\u00e7o.<\/p>\n<p>O acesso \u00e0s redes sociais Telegram e Instagram de dispositivos m\u00f3veis voltou a ser suspenso.<\/p>\n<p>As autoridades acusam grupos contra-revolucion\u00e1rios com sede no exterior de utilizar estas redes para convocar manifesta\u00e7\u00f5es e utilizar coquet\u00e9is Molotov e armas de fogo.<\/p>\n<p>O presidente Rohani reconheceu neste domingo que o governo deve permitir um espa\u00e7o para que a popula\u00e7\u00e3o possa expressar suas inquietudes di\u00e1rias, mas condenou a viol\u00eancia e a destrui\u00e7\u00e3o de bens p\u00fablicos.<\/p>\n<p>Na noite deste domingo, violentos protestos aconteceram em uma dezena de cidades. Um policial iraniano morreu e outros tr\u00eas ficaram feridos por disparos de fuzil em Nayafabad, no centro do Ir\u00e3.<\/p>\n<p>Segundo a emissora p\u00fablica iraniana, seis pessoas foram mortas por tiros suspeitos em Toyserkan (oeste). Mais cedo, outras quatro j\u00e1 haviam morrido em Izeh (sudoeste) e Doroud (oeste).<\/p>\n<p>&#8211; Agitadores &#8211;<\/p>\n<p>Em 1\u00ba de janeiro de 2018, Rohani declarou que o povo iraniano responder\u00e1 aos agitadores e descumpridores da lei. O presidente iraniano qualificou os contestadores de pequena minoria que (&#8230;) insulta os valores sagrados e revolucion\u00e1rios.<\/p>\n<p>O presidente americano, Donald Trump, afirmou que chegou o momento da mudan\u00e7a no Ir\u00e3.<\/p>\n<p>A R\u00fassia considera que se trata de um assunto interno e a Uni\u00e3o Europeia pede que se garanta o direito a manifesta\u00e7\u00e3o.<\/p>\n<p>\u00c0 noite, nove pessoas morreram em v\u00e1rias cidades na prov\u00edncia de Isfahan, entre elas seis manifestantes, quando tentavam atacar uma delegacia.<\/p>\n<p>&#8211; Inimigos do Ir\u00e3 &#8211;<\/p>\n<p>Em 2 de janeiro, o Guia Supremo, aiatol\u00e1 Ali Khamenei, acusa os inimigos do Ir\u00e3 de ser respons\u00e1veis pelos dist\u00farbios.<\/p>\n<p>O principal grupo reformista, presidido pelo ex-presidente Mohammad Khatami, condena a viol\u00eancia e denuncia o profundo engano dos Estados Unidos.<\/p>\n<p>Em um telefonema ao presidente franc\u00eas, Emmanuel Macron, Rohani exige que aja contra as atividades de um grupo terrorista iraniano na Fran\u00e7a, a Organiza\u00e7\u00e3o dos Mujahedines do Povo do Ir\u00e3 (PMOI).<\/p>\n<p>Os Estados Unidos pedem a Teer\u00e3 que n\u00e3o bloqueie as redes sociais e solicitam uma reuni\u00e3o de emerg\u00eancia da ONU.<\/p>\n<p>&#8211; Fim da sedi\u00e7\u00e3o &#8211;<\/p>\n<p>Em 3 de janeiro, dezenas de milhares de pessoas v\u00e3o \u00e0s ruas de v\u00e1rias cidades do Ir\u00e3 manifestar seu apoio ao regime e condenar os dist\u00farbios dos \u00faltimos dias.<\/p>\n<p>O presidente Rohani diz esperar que as manifesta\u00e7\u00f5es terminem em uns dias.<\/p>\n<p>O chefe dos Guardi\u00e3es da Revolu\u00e7\u00e3o, general Mohammed Ali Jafari, afirma poder anunciar o fim da sedi\u00e7\u00e3o e assegura que o n\u00famero de manifestantes antirregime n\u00e3o superou os 15.000 em todo o pa\u00eds.<\/p>\n","protected":false},"excerpt":{"rendered":"<p>Pa\u00eds submetido durante anos a san\u00e7\u00f5es internacionais por suas atividades nucleares, o Ir\u00e3 \u00e9 palco, desde a semana passada, de manifesta\u00e7\u00f5es contra a situa\u00e7\u00e3o econ\u00f4mica e contra o governo. Os protestos j\u00e1 deixaram 21 mortos, a maioria manifestantes, e centenas de detidos. Tratam-se das manifesta\u00e7\u00f5es mais importantes no pa\u00eds desde os de 2009, violentamente reprimidos, &hellip;<\/p>\n","protected":false},"author":2,"featured_media":8426,"comment_status":"open","ping_status":"open","sticky":false,"template":"","format":"standard","meta":{"footnotes":""},"categories":[4],"tags":[],"class_list":["post-8657","post","type-post","status-publish","format-standard","has-post-thumbnail","hentry","category-ultimas-noticias"],"_links":{"self":[{"href":"https:\/\/goiasemtempo.com.br\/home\/wp-json\/wp\/v2\/posts\/8657","targetHints":{"allow":["GET"]}}],"collection":[{"href":"https:\/\/goiasemtempo.com.br\/home\/wp-json\/wp\/v2\/posts"}],"about":[{"href":"https:\/\/goiasemtempo.com.br\/home\/wp-json\/wp\/v2\/types\/post"}],"author":[{"embeddable":true,"href":"https:\/\/goiasemtempo.com.br\/home\/wp-json\/wp\/v2\/users\/2"}],"replies":[{"embeddable":true,"href":"https:\/\/goiasemtempo.com.br\/home\/wp-json\/wp\/v2\/comments?post=8657"}],"version-history":[{"count":1,"href":"https:\/\/goiasemtempo.com.br\/home\/wp-json\/wp\/v2\/posts\/8657\/revisions"}],"predecessor-version":[{"id":8658,"href":"https:\/\/goiasemtempo.com.br\/home\/wp-json\/wp\/v2\/posts\/8657\/revisions\/8658"}],"wp:featuredmedia":[{"embeddable":true,"href":"https:\/\/goiasemtempo.com.br\/home\/wp-json\/wp\/v2\/media\/8426"}],"wp:attachment":[{"href":"https:\/\/goiasemtempo.com.br\/home\/wp-json\/wp\/v2\/media?parent=8657"}],"wp:term":[{"taxonomy":"category","embeddable":true,"href":"https:\/\/goiasemtempo.com.br\/home\/wp-json\/wp\/v2\/categories?post=8657"},{"taxonomy":"post_tag","embeddable":true,"href":"https:\/\/goiasemtempo.com.br\/home\/wp-json\/wp\/v2\/tags?post=8657"}],"curies":[{"name":"wp","href":"https:\/\/api.w.org\/{rel}","templated":true}]}}