{"id":8580,"date":"2018-01-04T15:55:23","date_gmt":"2018-01-04T15:55:23","guid":{"rendered":"http:\/\/goiasemtempo.com.br\/home\/?p=8580"},"modified":"2018-01-04T15:55:23","modified_gmt":"2018-01-04T15:55:23","slug":"banqueiro-turco-e-declarado-culpado-de-burlar-sancoes-dos-eua-ao-ira","status":"publish","type":"post","link":"https:\/\/goiasemtempo.com.br\/home\/banqueiro-turco-e-declarado-culpado-de-burlar-sancoes-dos-eua-ao-ira\/","title":{"rendered":"Banqueiro turco \u00e9 declarado culpado de burlar san\u00e7\u00f5es dos EUA ao Ir\u00e3"},"content":{"rendered":"<p>Um banqueiro turco foi declarado culpado por um j\u00fari nova-iorquino nesta quarta-feira (3) ao ser relacionado a uma ampla trama montada para ajudar o Ir\u00e3 a evadir san\u00e7\u00f5es americanas, em um caso que perturbou as rela\u00e7\u00f5es entre Ancara e Washington.<\/p>\n<p>Um j\u00fari declarou Mehmet Hakan Atilla, vice-diretor executivo do banco turco Halkbank, culpado de cinco acusa\u00e7\u00f5es de fraude banc\u00e1ria e conspira\u00e7\u00e3o.<\/p>\n<p>O julgamento federal se baseou no depoimento do empres\u00e1rio turco-iraniano Reza Zarrab, que se tornou testemunha do governo depois de admitir sua participa\u00e7\u00e3o no bilion\u00e1rio esquema de troca de ouro por petr\u00f3leo colocado em pr\u00e1tica para evadir as san\u00e7\u00f5es econ\u00f4micas impostas pelos Estados Unidos ao Ir\u00e3.<\/p>\n<p>Seu depoimento envolveu ex-ministros turcos e at\u00e9 o presidente Recep Tayyip Erdogan no compl\u00f4, e identificou Atilla, de 47 anos, como um organizador-chave.<\/p>\n<p>Zarrab, um proeminente negociante de ouro, concordou em depor depois de alcan\u00e7ar um acordo para se declarar culpado de violar as san\u00e7\u00f5es americanas.<\/p>\n<p>Detido em mar\u00e7o de 2016 durante uma viagem com sua fam\u00edlia para Miami, revelou ao tribunal federal de Manhattan que entre mar\u00e7o de 2012 e mar\u00e7o de 2013 havia entregue mais de 50 milh\u00f5es de euros em propina ao ex-ministro turco da Economia Zafer Caglayan.<\/p>\n<p>Desde que Reza Zarrab foi detido nos Estados Unidos, a Turquia n\u00e3o para de denunciar um compl\u00f4 pol\u00edtico tramado pela rede do cl\u00e9rigo Fethullah Gulen, exilado nos Estados Unidos e acusado por Ancara de ser o c\u00e9rebro do frustrado golpe de Estado de julho de 2016 contra Erdogan.<\/p>\n","protected":false},"excerpt":{"rendered":"<p>Um banqueiro turco foi declarado culpado por um j\u00fari nova-iorquino nesta quarta-feira (3) ao ser relacionado a uma ampla trama montada para ajudar o Ir\u00e3 a evadir san\u00e7\u00f5es americanas, em um caso que perturbou as rela\u00e7\u00f5es entre Ancara e Washington. Um j\u00fari declarou Mehmet Hakan Atilla, vice-diretor executivo do banco turco Halkbank, culpado de cinco &hellip;<\/p>\n","protected":false},"author":2,"featured_media":8386,"comment_status":"open","ping_status":"open","sticky":false,"template":"","format":"standard","meta":{"_exactmetrics_skip_tracking":false,"_exactmetrics_sitenote_active":false,"_exactmetrics_sitenote_note":"","_exactmetrics_sitenote_category":0,"footnotes":""},"categories":[4],"tags":[],"_links":{"self":[{"href":"https:\/\/goiasemtempo.com.br\/home\/wp-json\/wp\/v2\/posts\/8580"}],"collection":[{"href":"https:\/\/goiasemtempo.com.br\/home\/wp-json\/wp\/v2\/posts"}],"about":[{"href":"https:\/\/goiasemtempo.com.br\/home\/wp-json\/wp\/v2\/types\/post"}],"author":[{"embeddable":true,"href":"https:\/\/goiasemtempo.com.br\/home\/wp-json\/wp\/v2\/users\/2"}],"replies":[{"embeddable":true,"href":"https:\/\/goiasemtempo.com.br\/home\/wp-json\/wp\/v2\/comments?post=8580"}],"version-history":[{"count":1,"href":"https:\/\/goiasemtempo.com.br\/home\/wp-json\/wp\/v2\/posts\/8580\/revisions"}],"predecessor-version":[{"id":8581,"href":"https:\/\/goiasemtempo.com.br\/home\/wp-json\/wp\/v2\/posts\/8580\/revisions\/8581"}],"wp:featuredmedia":[{"embeddable":true,"href":"https:\/\/goiasemtempo.com.br\/home\/wp-json\/wp\/v2\/media\/8386"}],"wp:attachment":[{"href":"https:\/\/goiasemtempo.com.br\/home\/wp-json\/wp\/v2\/media?parent=8580"}],"wp:term":[{"taxonomy":"category","embeddable":true,"href":"https:\/\/goiasemtempo.com.br\/home\/wp-json\/wp\/v2\/categories?post=8580"},{"taxonomy":"post_tag","embeddable":true,"href":"https:\/\/goiasemtempo.com.br\/home\/wp-json\/wp\/v2\/tags?post=8580"}],"curies":[{"name":"wp","href":"https:\/\/api.w.org\/{rel}","templated":true}]}}