{"id":8526,"date":"2018-01-04T15:34:15","date_gmt":"2018-01-04T15:34:15","guid":{"rendered":"http:\/\/goiasemtempo.com.br\/home\/?p=8526"},"modified":"2018-01-04T15:34:15","modified_gmt":"2018-01-04T15:34:15","slug":"diretor-do-bale-de-ny-se-aposenta-apos-acusacoes-de-assedio-sexual-e-abusos","status":"publish","type":"post","link":"https:\/\/goiasemtempo.com.br\/home\/diretor-do-bale-de-ny-se-aposenta-apos-acusacoes-de-assedio-sexual-e-abusos\/","title":{"rendered":"Diretor do Bal\u00e9 de NY se aposenta ap\u00f3s acusa\u00e7\u00f5es de ass\u00e9dio sexual e abusos"},"content":{"rendered":"<p>NOVA YORK (Reuters) &#8211; O diretor do Bal\u00e9 da Cidade de Nova York, Peter Martins, disse na segunda-feira estar se aposentando da prestigiosa companhia de dan\u00e7a e da Escola Americana de Bal\u00e9, onde \u00e9 presidente do corpo docente, ap\u00f3s acusa\u00e7\u00f5es de ass\u00e9dio sexual e abusos verbais e f\u00edsicos de dan\u00e7arinos.<\/p>\n<p>As acusa\u00e7\u00f5es est\u00e3o sendo investigadas por um advogado independente contratado pelas duas organiza\u00e7\u00f5es no m\u00eas passado, ap\u00f3s o Bal\u00e9 da Cidade de Nova York dizer ter recebido uma carta an\u00f4nima com acusa\u00e7\u00f5es gerais e n\u00e3o espec\u00edficas de ass\u00e9dio sexual contra Martins.<\/p>\n<p>    Em carta aos conselhos de ambas institui\u00e7\u00f5es com data de segunda-feira, fornecida \u00e0 Reuters pelo Bal\u00e9 da Cidade da Nova York, Martins disse: Eu neguei, e continuo a negar que cometi tal ato irregular. Ele descreveu as acusa\u00e7\u00f5es como amplamente an\u00f4nimas e velhas.<\/p>\n<p>    Martins, de 71 anos, n\u00e3o p\u00f4de ser alcan\u00e7ado para coment\u00e1rios. A Reuters n\u00e3o p\u00f4de confirmar de forma independente qualquer uma das acusa\u00e7\u00f5es.<\/p>\n<p>    Ele \u00e9 o mais recente de dezenas de homens de alto escal\u00e3o na m\u00eddia, entretenimento e pol\u00edtica a se aposentar, renunciar ou ser demitido nos meses recentes ap\u00f3s acusa\u00e7\u00f5es de ass\u00e9dio ou abuso sexual.<\/p>\n<p>    Para colocar um fim a este problema que tem envolvido o bal\u00e9 e a escola, eu decidi que \u00e9 hora de me aposentar, escreveu em carta o bailarino e core\u00f3grafo nascido na Dinamarca.<\/p>\n<p>(Reportagem de Peter Szekely)<\/p>\n","protected":false},"excerpt":{"rendered":"<p>NOVA YORK (Reuters) &#8211; O diretor do Bal\u00e9 da Cidade de Nova York, Peter Martins, disse na segunda-feira estar se aposentando da prestigiosa companhia de dan\u00e7a e da Escola Americana de Bal\u00e9, onde \u00e9 presidente do corpo docente, ap\u00f3s acusa\u00e7\u00f5es de ass\u00e9dio sexual e abusos verbais e f\u00edsicos de dan\u00e7arinos. As acusa\u00e7\u00f5es est\u00e3o sendo investigadas &hellip;<\/p>\n","protected":false},"author":2,"featured_media":8361,"comment_status":"open","ping_status":"open","sticky":false,"template":"","format":"standard","meta":{"_exactmetrics_skip_tracking":false,"_exactmetrics_sitenote_active":false,"_exactmetrics_sitenote_note":"","_exactmetrics_sitenote_category":0,"footnotes":""},"categories":[4],"tags":[],"_links":{"self":[{"href":"https:\/\/goiasemtempo.com.br\/home\/wp-json\/wp\/v2\/posts\/8526"}],"collection":[{"href":"https:\/\/goiasemtempo.com.br\/home\/wp-json\/wp\/v2\/posts"}],"about":[{"href":"https:\/\/goiasemtempo.com.br\/home\/wp-json\/wp\/v2\/types\/post"}],"author":[{"embeddable":true,"href":"https:\/\/goiasemtempo.com.br\/home\/wp-json\/wp\/v2\/users\/2"}],"replies":[{"embeddable":true,"href":"https:\/\/goiasemtempo.com.br\/home\/wp-json\/wp\/v2\/comments?post=8526"}],"version-history":[{"count":1,"href":"https:\/\/goiasemtempo.com.br\/home\/wp-json\/wp\/v2\/posts\/8526\/revisions"}],"predecessor-version":[{"id":8527,"href":"https:\/\/goiasemtempo.com.br\/home\/wp-json\/wp\/v2\/posts\/8526\/revisions\/8527"}],"wp:featuredmedia":[{"embeddable":true,"href":"https:\/\/goiasemtempo.com.br\/home\/wp-json\/wp\/v2\/media\/8361"}],"wp:attachment":[{"href":"https:\/\/goiasemtempo.com.br\/home\/wp-json\/wp\/v2\/media?parent=8526"}],"wp:term":[{"taxonomy":"category","embeddable":true,"href":"https:\/\/goiasemtempo.com.br\/home\/wp-json\/wp\/v2\/categories?post=8526"},{"taxonomy":"post_tag","embeddable":true,"href":"https:\/\/goiasemtempo.com.br\/home\/wp-json\/wp\/v2\/tags?post=8526"}],"curies":[{"name":"wp","href":"https:\/\/api.w.org\/{rel}","templated":true}]}}