{"id":8518,"date":"2018-01-04T15:32:07","date_gmt":"2018-01-04T15:32:07","guid":{"rendered":"http:\/\/goiasemtempo.com.br\/home\/?p=8518"},"modified":"2018-01-04T15:32:07","modified_gmt":"2018-01-04T15:32:07","slug":"brasil-volta-a-bater-recorde-de-superavit-comercial-em-2017","status":"publish","type":"post","link":"https:\/\/goiasemtempo.com.br\/home\/brasil-volta-a-bater-recorde-de-superavit-comercial-em-2017\/","title":{"rendered":"Brasil volta a bater recorde de super\u00e1vit comercial em 2017"},"content":{"rendered":"<p>O Brasil obteve um super\u00e1vit comercial recorde de 67,001 bilh\u00f5es de d\u00f3lares em 2017, 40,5% acima do registrado no ano passado, gra\u00e7as a um aumento no volume e nos pre\u00e7os de suas exporta\u00e7\u00f5es, segundo dados oficiais divulgados nesta ter\u00e7a-feira (2).<\/p>\n<p>O excedente hist\u00f3rico do ano passado superou em 40,5% o de 2016, gra\u00e7as a um aumento tanto do volume como dos pre\u00e7os das principais exporta\u00e7\u00f5es do pa\u00eds, de acordo com os dados oficiais divulgados pelo Minist\u00e9rio da Ind\u00fastria, Com\u00e9rcio Exterior e Servi\u00e7os (MDIC).<\/p>\n<p>O resultado foi alinhado com os 66 bilh\u00f5es de d\u00f3lares projetados pelo mercado na pesquisa semanal, realizada pelo Banco Central e na faixa entre 65 e 70 bilh\u00f5es de d\u00f3lares, prevista pelo Minist\u00e9rio da Ind\u00fastria, Com\u00e9rcio Exterior e Servi\u00e7os (MDIC).<\/p>\n<p>A expectativa dos mercados era muito grande (&#8230;) e as exporta\u00e7\u00f5es cresceram pela primeira vez ap\u00f3s cinco anos, declarou o ministro Marcos Pereira, que lidera o MDIC.<\/p>\n<p>Ele acrescentou que as importa\u00e7\u00f5es tiveram sua primeira expans\u00e3o em tr\u00eas anos no calor da melhora registrada pela economia brasileira depois de deixar uma das piores recess\u00f5es de sua hist\u00f3ria.<\/p>\n<p>Isso mostra uma recupera\u00e7\u00e3o real da economia, disse Pereira.<\/p>\n<p>O governo espera que a economia se expanda 1,1% em 2017 e 3% em 2018.<\/p>\n<p>&#8211; D\u00f3lares &#8211;<\/p>\n<p>Em dezembro de 2017, a balan\u00e7a teve um super\u00e1vit de 4,99 bilh\u00f5es de d\u00f3lares (+13,2% interanual), o que contribuiu para deixar bem atr\u00e1s o recorde anterior, de 47,683 bilh\u00f5es de d\u00f3lares de 2016.<\/p>\n<p>As vendas ao exterior totalizaram 217,700 bilh\u00f5es de d\u00f3lares em 2017, um aumento de 18,5% em rela\u00e7\u00e3o aos 185,200 bilh\u00f5es no ano anterior, enquanto as importa\u00e7\u00f5es acumularam 150,700 bilh\u00f5es, um aumento de 10,5% em rela\u00e7\u00e3o aos 137,500 bilh\u00f5es do ano anterior.<\/p>\n<p>\u00c9 bom para o Brasil porque garante a entrada de d\u00f3lares. Temos um colch\u00e3o de reserva muito bom e pode aumentar, ressaltou Raul Velloso, consultor econ\u00f4mico e ex-secret\u00e1rio de assuntos econ\u00f4micos do Minist\u00e9rio do Planejamento.<\/p>\n<p>O Brasil \u00e9 um importante player do mercado internacional de soja, milho, min\u00e9rio de ferro, carne bovina e avi\u00e1ria e tem crescido no ramo do petr\u00f3leo, que em 2016 e 2017 teve seus primeiros saldos anuais positivos da hist\u00f3ria.<\/p>\n<p>Em bens industrializados, o desempenho se sustenta nas vendas de ve\u00edculos automotores &#8211; com forte concentra\u00e7\u00e3o na Argentina &#8211; autope\u00e7as e a\u00e7\u00facar refinado, entre outros.<\/p>\n<p>Os excedentes no interc\u00e2mbio com a China e com a Argentina foram motores da balan\u00e7a comercial de 2017. J\u00e1 para 2018, tanto funcion\u00e1rios como economistas esperam uma redu\u00e7\u00e3o do saldo comercial.<\/p>\n<p>A expectativa \u00e9 de um super\u00e1vit robusto, da casa de 50,000 bilh\u00f5es de d\u00f3lares, e seria nosso segundo recorde, porque as importa\u00e7\u00f5es cresceram mais do que as exporta\u00e7\u00f5es, disse o secret\u00e1rio de Com\u00e9rcio Exterior, Abr\u00e3o Neto.<\/p>\n<p>Margarida Gutierrez, economista da Universidade Federal do Rio de Janeiro, se posicionou na mesma linha.<\/p>\n<p>A balan\u00e7a vai diminuir um pouco porque as importa\u00e7\u00f5es devem crescer por um maior ritmo de expans\u00e3o da economia. O PIB vai crescer com maior intensidade que em 2017 e isso vai impulsionar todas as importa\u00e7\u00f5es de bens de capital, de consumo, insumos industriais, disse. Mas n\u00e3o ser\u00e1 uma queda grande.<\/p>\n","protected":false},"excerpt":{"rendered":"<p>O Brasil obteve um super\u00e1vit comercial recorde de 67,001 bilh\u00f5es de d\u00f3lares em 2017, 40,5% acima do registrado no ano passado, gra\u00e7as a um aumento no volume e nos pre\u00e7os de suas exporta\u00e7\u00f5es, segundo dados oficiais divulgados nesta ter\u00e7a-feira (2). O excedente hist\u00f3rico do ano passado superou em 40,5% o de 2016, gra\u00e7as a um &hellip;<\/p>\n","protected":false},"author":2,"featured_media":8357,"comment_status":"open","ping_status":"open","sticky":false,"template":"","format":"standard","meta":{"footnotes":""},"categories":[4],"tags":[],"class_list":["post-8518","post","type-post","status-publish","format-standard","has-post-thumbnail","hentry","category-ultimas-noticias"],"_links":{"self":[{"href":"https:\/\/goiasemtempo.com.br\/home\/wp-json\/wp\/v2\/posts\/8518","targetHints":{"allow":["GET"]}}],"collection":[{"href":"https:\/\/goiasemtempo.com.br\/home\/wp-json\/wp\/v2\/posts"}],"about":[{"href":"https:\/\/goiasemtempo.com.br\/home\/wp-json\/wp\/v2\/types\/post"}],"author":[{"embeddable":true,"href":"https:\/\/goiasemtempo.com.br\/home\/wp-json\/wp\/v2\/users\/2"}],"replies":[{"embeddable":true,"href":"https:\/\/goiasemtempo.com.br\/home\/wp-json\/wp\/v2\/comments?post=8518"}],"version-history":[{"count":1,"href":"https:\/\/goiasemtempo.com.br\/home\/wp-json\/wp\/v2\/posts\/8518\/revisions"}],"predecessor-version":[{"id":8519,"href":"https:\/\/goiasemtempo.com.br\/home\/wp-json\/wp\/v2\/posts\/8518\/revisions\/8519"}],"wp:featuredmedia":[{"embeddable":true,"href":"https:\/\/goiasemtempo.com.br\/home\/wp-json\/wp\/v2\/media\/8357"}],"wp:attachment":[{"href":"https:\/\/goiasemtempo.com.br\/home\/wp-json\/wp\/v2\/media?parent=8518"}],"wp:term":[{"taxonomy":"category","embeddable":true,"href":"https:\/\/goiasemtempo.com.br\/home\/wp-json\/wp\/v2\/categories?post=8518"},{"taxonomy":"post_tag","embeddable":true,"href":"https:\/\/goiasemtempo.com.br\/home\/wp-json\/wp\/v2\/tags?post=8518"}],"curies":[{"name":"wp","href":"https:\/\/api.w.org\/{rel}","templated":true}]}}