{"id":84145,"date":"2026-09-06T17:25:19","date_gmt":"2026-09-06T17:25:19","guid":{"rendered":"https:\/\/goiasemtempo.com.br\/home\/?p=84145"},"modified":"2026-09-06T17:25:19","modified_gmt":"2026-09-06T17:25:19","slug":"jovem-morre-afogado-em-lago-de-senador-canedo","status":"publish","type":"post","link":"https:\/\/goiasemtempo.com.br\/home\/jovem-morre-afogado-em-lago-de-senador-canedo\/","title":{"rendered":"Jovem morre afogado em lago de Senador Canedo"},"content":{"rendered":"<p class=\"wp-block-paragraph\">Um rapaz de aproximadamente 23 anos, cuja identidade n\u00e3o foi divulgada, foi resgatado j\u00e1 sem vida em um lago na Avenida Ant\u00f4nio Fl\u00e1vio Lima, no Residencial Boa Vista, em Senador Canedo. A fatalidade aconteceu na manh\u00e3 deste s\u00e1bado (5) e contou com atua\u00e7\u00e3o do\u00a0<a class=\"st_tag internal_tag \" title=\"Posts tagged with Corpo de Bombeiros\" href=\"https:\/\/diariodegoias.com.br\/tag\/corpo-de-bombeiros\/\" rel=\"tag noopener\" target=\"_blank\">Corpo de Bombeiros<\/a>\u00a0Militar de\u00a0<a class=\"st_tag internal_tag \" title=\"Posts tagged with Goi\u00e1s\" href=\"https:\/\/diariodegoias.com.br\/tag\/goias\/\" rel=\"tag noopener\" target=\"_blank\">Goi\u00e1s<\/a>\u00a0(<a class=\"st_tag internal_tag \" title=\"Posts tagged with CBMGO\" href=\"https:\/\/diariodegoias.com.br\/tag\/cbmgo\/\" rel=\"tag noopener\" target=\"_blank\">CBMGO<\/a>).<\/p>\n<p class=\"wp-block-paragraph\">De acordo com as informa\u00e7\u00f5es repassadas ao Centro de Opera\u00e7\u00f5es, o jovem havia mergulhado no lago e n\u00e3o retornou \u00e0 superf\u00edcie. Os Bombeiros ent\u00e3o foram acionados para a ocorr\u00eancia, com equipes de salvamento aqu\u00e1tico e da Unidade de Resgate.<\/p>\n<p class=\"wp-block-paragraph\">Ap\u00f3s diversas tentativas de busca, foi acionada a equipe especializada da N\u00e1utica, que empregou equipamentos espec\u00edficos para a\u00a0<a class=\"st_tag internal_tag \" title=\"Posts tagged with Opera\u00e7\u00e3o\" href=\"https:\/\/diariodegoias.com.br\/tag\/operacao\/\" rel=\"tag noopener\" target=\"_blank\">opera\u00e7\u00e3o<\/a>. Durante as buscas dentro do lago, a equipe da N\u00e1utica localizou o corpo da v\u00edtima, j\u00e1 sem vida.<\/p>\n<p class=\"wp-block-paragraph\">A\u00a0<a class=\"st_tag internal_tag \" title=\"Posts tagged with Morte\" href=\"https:\/\/diariodegoias.com.br\/tag\/morte\/\" rel=\"tag noopener\" target=\"_blank\">morte<\/a>\u00a0foi constatada no local e o corpo recolhido e encaminhado ao Instituto M\u00e9dico Legal (IML). A ocorr\u00eancia ficou sob responsabilidade da Pol\u00edcia Militar, que apura as causas da morte.<\/p>\n","protected":false},"excerpt":{"rendered":"<p>Um rapaz de aproximadamente 23 anos, cuja identidade n\u00e3o foi divulgada, foi resgatado j\u00e1 sem vida em um lago na Avenida Ant\u00f4nio Fl\u00e1vio Lima, no Residencial Boa Vista, em Senador Canedo. A fatalidade aconteceu na manh\u00e3 deste s\u00e1bado (5) e contou com atua\u00e7\u00e3o do\u00a0Corpo de Bombeiros\u00a0Militar de\u00a0Goi\u00e1s\u00a0(CBMGO). De acordo com as informa\u00e7\u00f5es repassadas ao Centro &hellip;<\/p>\n","protected":false},"author":3,"featured_media":0,"comment_status":"closed","ping_status":"open","sticky":false,"template":"","format":"standard","meta":{"footnotes":""},"categories":[4],"tags":[],"class_list":["post-84145","post","type-post","status-publish","format-standard","hentry","category-ultimas-noticias"],"_links":{"self":[{"href":"https:\/\/goiasemtempo.com.br\/home\/wp-json\/wp\/v2\/posts\/84145","targetHints":{"allow":["GET"]}}],"collection":[{"href":"https:\/\/goiasemtempo.com.br\/home\/wp-json\/wp\/v2\/posts"}],"about":[{"href":"https:\/\/goiasemtempo.com.br\/home\/wp-json\/wp\/v2\/types\/post"}],"author":[{"embeddable":true,"href":"https:\/\/goiasemtempo.com.br\/home\/wp-json\/wp\/v2\/users\/3"}],"replies":[{"embeddable":true,"href":"https:\/\/goiasemtempo.com.br\/home\/wp-json\/wp\/v2\/comments?post=84145"}],"version-history":[{"count":1,"href":"https:\/\/goiasemtempo.com.br\/home\/wp-json\/wp\/v2\/posts\/84145\/revisions"}],"predecessor-version":[{"id":84147,"href":"https:\/\/goiasemtempo.com.br\/home\/wp-json\/wp\/v2\/posts\/84145\/revisions\/84147"}],"wp:attachment":[{"href":"https:\/\/goiasemtempo.com.br\/home\/wp-json\/wp\/v2\/media?parent=84145"}],"wp:term":[{"taxonomy":"category","embeddable":true,"href":"https:\/\/goiasemtempo.com.br\/home\/wp-json\/wp\/v2\/categories?post=84145"},{"taxonomy":"post_tag","embeddable":true,"href":"https:\/\/goiasemtempo.com.br\/home\/wp-json\/wp\/v2\/tags?post=84145"}],"curies":[{"name":"wp","href":"https:\/\/api.w.org\/{rel}","templated":true}]}}