{"id":84135,"date":"2026-09-06T17:15:09","date_gmt":"2026-09-06T17:15:09","guid":{"rendered":"https:\/\/goiasemtempo.com.br\/home\/?p=84135"},"modified":"2026-09-06T17:15:09","modified_gmt":"2026-09-06T17:15:09","slug":"padre-fica-ilhado-apos-celebrar-missa-em-comunidade-de-niquelandia-essa-e-a-minha-missao","status":"publish","type":"post","link":"https:\/\/goiasemtempo.com.br\/home\/padre-fica-ilhado-apos-celebrar-missa-em-comunidade-de-niquelandia-essa-e-a-minha-missao\/","title":{"rendered":"Padre fica ilhado ap\u00f3s celebrar missa em comunidade de Niquel\u00e2ndia: \u2018essa \u00e9 a minha miss\u00e3o\u2019"},"content":{"rendered":"<p>Nem s\u00f3 da grandiosidade da romaria do Muqu\u00e9m vive o padre Corn\u00e9lio Jos\u00e9 dos Santos, reitor do Santu\u00e1rio Diocesano de Nossa Senhora da Abadia do Muqu\u00e9m. No \u00faltimo s\u00e1bado (5\/9), Corn\u00e9lio ficou ilhado depois de rezar uma missa na capela do V\u00e3o Meloso, uma comunidade isolada no munic\u00edpio de Niquel\u00e2ndia, e s\u00f3 conseguiu seguir viagem uma hora e meia depois.<\/p>\n<p>V\u00e3o Meloso \u00e9 um povoado de dif\u00edcil acesso que fica no extremo norte do munic\u00edpio, a 103 km da cidade. L\u00e1 vivem 15 fam\u00edlias que acompanham as atividades promovidas pelo padre. Algumas percorrem at\u00e9 7km a cavalo para chegar \u00e0 capela. A chuva que caiu na regi\u00e3o no s\u00e1bado foi forte e durou cerca de 25 minutos, o suficiente para formar uma tromba d\u2019\u00e1gua de 1,80m de profundidade e aproxidamente 18 metros de largura.<\/p>\n<p class=\"wp-block-paragraph\">O padre tem uma caminhonete com tra\u00e7\u00e3o, mas a correnteza estava t\u00e3o forte que ele n\u00e3o teve coragem de se arriscar. A travessia foi feita quando a for\u00e7a da \u00e1gua estava menor e um morador que conhece melhor a regi\u00e3o apareceu para ajud\u00e1-lo. De l\u00e1, Corn\u00e9lio ainda seguiu com a roupa molhada para rezar uma missa em outro lugar e s\u00f3 chegou em casa \u00e0s 22h.<\/p>\n<p class=\"wp-block-paragraph\">\u201cMinha miss\u00e3o n\u00e3o termina quando a multid\u00e3o de romeiros deixa o Santu\u00e1rio. Al\u00e9m do trabalho de evangeliza\u00e7\u00e3o realizado por meio da Romaria e da secular devo\u00e7\u00e3o a Nossa Senhora da Abadia do Muqu\u00e9m, existe uma Igreja que me espera muito al\u00e9m das paredes do Santu\u00e1rio\u201d, diz o padre<\/p>\n<p>&nbsp;<\/p>\n","protected":false},"excerpt":{"rendered":"<p>Nem s\u00f3 da grandiosidade da romaria do Muqu\u00e9m vive o padre Corn\u00e9lio Jos\u00e9 dos Santos, reitor do Santu\u00e1rio Diocesano de Nossa Senhora da Abadia do Muqu\u00e9m. No \u00faltimo s\u00e1bado (5\/9), Corn\u00e9lio ficou ilhado depois de rezar uma missa na capela do V\u00e3o Meloso, uma comunidade isolada no munic\u00edpio de Niquel\u00e2ndia, e s\u00f3 conseguiu seguir viagem &hellip;<\/p>\n","protected":false},"author":3,"featured_media":84136,"comment_status":"closed","ping_status":"open","sticky":false,"template":"","format":"standard","meta":{"footnotes":""},"categories":[15,19,467],"tags":[],"class_list":["post-84135","post","type-post","status-publish","format-standard","has-post-thumbnail","hentry","category-goias","category-manchete","category-religiao"],"_links":{"self":[{"href":"https:\/\/goiasemtempo.com.br\/home\/wp-json\/wp\/v2\/posts\/84135","targetHints":{"allow":["GET"]}}],"collection":[{"href":"https:\/\/goiasemtempo.com.br\/home\/wp-json\/wp\/v2\/posts"}],"about":[{"href":"https:\/\/goiasemtempo.com.br\/home\/wp-json\/wp\/v2\/types\/post"}],"author":[{"embeddable":true,"href":"https:\/\/goiasemtempo.com.br\/home\/wp-json\/wp\/v2\/users\/3"}],"replies":[{"embeddable":true,"href":"https:\/\/goiasemtempo.com.br\/home\/wp-json\/wp\/v2\/comments?post=84135"}],"version-history":[{"count":1,"href":"https:\/\/goiasemtempo.com.br\/home\/wp-json\/wp\/v2\/posts\/84135\/revisions"}],"predecessor-version":[{"id":84137,"href":"https:\/\/goiasemtempo.com.br\/home\/wp-json\/wp\/v2\/posts\/84135\/revisions\/84137"}],"wp:featuredmedia":[{"embeddable":true,"href":"https:\/\/goiasemtempo.com.br\/home\/wp-json\/wp\/v2\/media\/84136"}],"wp:attachment":[{"href":"https:\/\/goiasemtempo.com.br\/home\/wp-json\/wp\/v2\/media?parent=84135"}],"wp:term":[{"taxonomy":"category","embeddable":true,"href":"https:\/\/goiasemtempo.com.br\/home\/wp-json\/wp\/v2\/categories?post=84135"},{"taxonomy":"post_tag","embeddable":true,"href":"https:\/\/goiasemtempo.com.br\/home\/wp-json\/wp\/v2\/tags?post=84135"}],"curies":[{"name":"wp","href":"https:\/\/api.w.org\/{rel}","templated":true}]}}