{"id":84132,"date":"2026-09-06T17:10:02","date_gmt":"2026-09-06T17:10:02","guid":{"rendered":"https:\/\/goiasemtempo.com.br\/home\/?p=84132"},"modified":"2026-09-06T17:10:02","modified_gmt":"2026-09-06T17:10:02","slug":"apresentadora-egipcia-e-condenada-a-morte-por-trafico-de-drogas-sinteticas","status":"publish","type":"post","link":"https:\/\/goiasemtempo.com.br\/home\/apresentadora-egipcia-e-condenada-a-morte-por-trafico-de-drogas-sinteticas\/","title":{"rendered":"Apresentadora eg\u00edpcia \u00e9 condenada \u00e0 morte por tr\u00e1fico de drogas sint\u00e9ticas"},"content":{"rendered":"<p><b>Sarah Khalifa<\/b>, apresentadora eg\u00edpicia de 39 anos, e outras 11 pessoas foram\u00a0<b>condenadas \u00e0 morte por enforcamento\u00a0<\/b>por um tribunal do Cairo, no\u00a0<a title=\"https:\/\/www.estadao.com.br\/tudo-sobre\/egito-africa\/\" href=\"https:\/\/www.estadao.com.br\/tudo-sobre\/egito-africa\/\" target=\"_blank\" rel=\"noopener noreferrer\" data-t=\"{&quot;n&quot;:&quot;destination&quot;,&quot;t&quot;:13,&quot;a&quot;:&quot;click&quot;,&quot;b&quot;:1,&quot;c.t&quot;:7}\"><b>Egito<\/b><\/a>, por envolvimento na\u00a0<b>fabrica\u00e7\u00e3o e no tr\u00e1fico de drogas sint\u00e9ticas<\/b>. A decis\u00e3o foi divulgada neste s\u00e1bado, 5, pela imprensa estatal eg\u00edpcia.<\/p>\n<p class=\"continue-read-break\" data-t=\"{&quot;n&quot;:&quot;blueLinks&quot;,&quot;t&quot;:13,&quot;a&quot;:&quot;click&quot;,&quot;b&quot;:76}\">Conhecida pelo programa de televis\u00e3o\u00a0<i>Miss\u00e3o Imposs\u00edvel<\/i>, sobre seguran\u00e7a e criminalidade, Khalifa foi condenada por forma\u00e7\u00e3o de uma organiza\u00e7\u00e3o criminosa especializada na aquisi\u00e7\u00e3o de materiais usados na fabrica\u00e7\u00e3o de drogas para posterior comercializa\u00e7\u00e3o. Ela tamb\u00e9m foi acusada de posse e porte de armas de fogo e muni\u00e7\u00f5es sem licen\u00e7a.<\/p>\n<p data-t=\"{&quot;n&quot;:&quot;blueLinks&quot;,&quot;t&quot;:13,&quot;a&quot;:&quot;click&quot;,&quot;b&quot;:76}\">Segundo o jornal estatal\u00a0<i>Al-Ahram<\/i>, as autoridades apreenderam mais de 750 quilos de drogas e mat\u00e9rias-primas utilizadas na produ\u00e7\u00e3o de entorpecentes. Dois apartamentos que funcionariam como laborat\u00f3rios tamb\u00e9m foram encontrados, al\u00e9m de armas e muni\u00e7\u00f5es sem licen\u00e7a. De acordo com o\u00a0<i>Akhbar el-Yom<\/i>, os materiais usados na fabrica\u00e7\u00e3o das drogas eram importados do exterior.<\/p>\n<p class=\"\" data-t=\"{&quot;n&quot;:&quot;blueLinks&quot;,&quot;t&quot;:13,&quot;a&quot;:&quot;click&quot;,&quot;b&quot;:76}\">A senten\u00e7a foi emitida ap\u00f3s o tribunal consultar o Grande Mufti do Egito, autoridade respons\u00e1vel por emitir pareceres religiosos em casos de pena de morte. A consulta \u00e9 exigida pela legisla\u00e7\u00e3o eg\u00edpcia antes da confirma\u00e7\u00e3o de senten\u00e7as capitais.<\/p>\n<p data-t=\"{&quot;n&quot;:&quot;blueLinks&quot;,&quot;t&quot;:13,&quot;a&quot;:&quot;click&quot;,&quot;b&quot;:76}\">Khalifa nega as acusa\u00e7\u00f5es e pode recorrer da decis\u00e3o. Segundo a imprensa local, seu advogado j\u00e1 anunciou que pretende apresentar uma apela\u00e7\u00e3o. Durante um depoimento ao tribunal, em setembro de 2025, a apresentadora afirmou que nunca havia visto drogas antes de ser fotografada com entorpecentes dentro das instala\u00e7\u00f5es das autoridades de combate ao narcotr\u00e1fico.<\/p>\n<p data-t=\"{&quot;n&quot;:&quot;blueLinks&quot;,&quot;t&quot;:13,&quot;a&quot;:&quot;click&quot;,&quot;b&quot;:76}\">A acusa\u00e7\u00e3o teria se baseado em 20 depoimentos de testemunhas e em provas eletr\u00f4nicas, incluindo conversas gravadas e v\u00eddeos.<\/p>\n<p data-t=\"{&quot;n&quot;:&quot;blueLinks&quot;,&quot;t&quot;:13,&quot;a&quot;:&quot;click&quot;,&quot;b&quot;:76}\">Al\u00e9m das condena\u00e7\u00f5es relacionadas ao tr\u00e1fico de drogas, Khalifa e outros envolvidos receberam cinco anos de pris\u00e3o em um processo separado, que trata do sequestro e da agress\u00e3o de um jovem. O tribunal absolveu sete dos acusados e condenou outros nove \u00e0 pris\u00e3o perp\u00e9tua, segundo a\u00a0<i>BBC<\/i>.<\/p>\n<p data-t=\"{&quot;n&quot;:&quot;blueLinks&quot;,&quot;t&quot;:13,&quot;a&quot;:&quot;click&quot;,&quot;b&quot;:76}\">\n","protected":false},"excerpt":{"rendered":"<p>Sarah Khalifa, apresentadora eg\u00edpicia de 39 anos, e outras 11 pessoas foram\u00a0condenadas \u00e0 morte por enforcamento\u00a0por um tribunal do Cairo, no\u00a0Egito, por envolvimento na\u00a0fabrica\u00e7\u00e3o e no tr\u00e1fico de drogas sint\u00e9ticas. A decis\u00e3o foi divulgada neste s\u00e1bado, 5, pela imprensa estatal eg\u00edpcia. Conhecida pelo programa de televis\u00e3o\u00a0Miss\u00e3o Imposs\u00edvel, sobre seguran\u00e7a e criminalidade, Khalifa foi condenada por &hellip;<\/p>\n","protected":false},"author":3,"featured_media":84133,"comment_status":"closed","ping_status":"open","sticky":false,"template":"","format":"standard","meta":{"footnotes":""},"categories":[19,8,4],"tags":[],"class_list":["post-84132","post","type-post","status-publish","format-standard","has-post-thumbnail","hentry","category-manchete","category-mundo","category-ultimas-noticias"],"_links":{"self":[{"href":"https:\/\/goiasemtempo.com.br\/home\/wp-json\/wp\/v2\/posts\/84132","targetHints":{"allow":["GET"]}}],"collection":[{"href":"https:\/\/goiasemtempo.com.br\/home\/wp-json\/wp\/v2\/posts"}],"about":[{"href":"https:\/\/goiasemtempo.com.br\/home\/wp-json\/wp\/v2\/types\/post"}],"author":[{"embeddable":true,"href":"https:\/\/goiasemtempo.com.br\/home\/wp-json\/wp\/v2\/users\/3"}],"replies":[{"embeddable":true,"href":"https:\/\/goiasemtempo.com.br\/home\/wp-json\/wp\/v2\/comments?post=84132"}],"version-history":[{"count":1,"href":"https:\/\/goiasemtempo.com.br\/home\/wp-json\/wp\/v2\/posts\/84132\/revisions"}],"predecessor-version":[{"id":84134,"href":"https:\/\/goiasemtempo.com.br\/home\/wp-json\/wp\/v2\/posts\/84132\/revisions\/84134"}],"wp:featuredmedia":[{"embeddable":true,"href":"https:\/\/goiasemtempo.com.br\/home\/wp-json\/wp\/v2\/media\/84133"}],"wp:attachment":[{"href":"https:\/\/goiasemtempo.com.br\/home\/wp-json\/wp\/v2\/media?parent=84132"}],"wp:term":[{"taxonomy":"category","embeddable":true,"href":"https:\/\/goiasemtempo.com.br\/home\/wp-json\/wp\/v2\/categories?post=84132"},{"taxonomy":"post_tag","embeddable":true,"href":"https:\/\/goiasemtempo.com.br\/home\/wp-json\/wp\/v2\/tags?post=84132"}],"curies":[{"name":"wp","href":"https:\/\/api.w.org\/{rel}","templated":true}]}}