{"id":84092,"date":"2026-09-03T17:39:12","date_gmt":"2026-09-03T17:39:12","guid":{"rendered":"https:\/\/goiasemtempo.com.br\/home\/?p=84092"},"modified":"2026-09-03T17:39:12","modified_gmt":"2026-09-03T17:39:12","slug":"daniel-vorcaro-relata-intimidacoes-tortura-psicologica-impedir-delacao-pf","status":"publish","type":"post","link":"https:\/\/goiasemtempo.com.br\/home\/daniel-vorcaro-relata-intimidacoes-tortura-psicologica-impedir-delacao-pf\/","title":{"rendered":"Daniel Vorcaro relata intimida\u00e7\u00f5es e tortura psicol\u00f3gica para impedir dela\u00e7\u00e3o \u00e0 PF"},"content":{"rendered":"\n<p class=\"wp-block-paragraph\">Daniel Vorcaro prestou depoimento a um juiz auxiliar do gabinete do ministro do STF Andr\u00e9 Mendon\u00e7a antes de 02\/09\/2026 e relatou supostas intimida\u00e7\u00f5es sofridas durante a pris\u00e3o iniciada em mar\u00e7o. Ele afirmou ter enfrentado tortura psicol\u00f3gica, maus-tratos e amea\u00e7as veladas com o objetivo de impedir uma dela\u00e7\u00e3o premiada \u00e0 Pol\u00edcia Federal. O relato ocorreu sem a presen\u00e7a de agentes da PF e contou com a participa\u00e7\u00e3o de um representante do Minist\u00e9rio P\u00fablico.<\/p>\n\n\n\n<h2 class=\"wp-block-heading\">Relato de Vorcaro sobre intimida\u00e7\u00f5es<\/h2>\n\n\n\n<p class=\"wp-block-paragraph\">Vorcaro descreveu as supostas a\u00e7\u00f5es como ligadas \u00e0 resist\u00eancia da PF \u00e0 dela\u00e7\u00e3o. Ele indicou que as intimida\u00e7\u00f5es visavam evitar que fatos fossem relatados em acordo de colabora\u00e7\u00e3o premiada. O depoimento foi prestado diretamente ao gabinete de Mendon\u00e7a e destacou o papel do diretor-geral da PF Andrei Rodrigues no contexto das alega\u00e7\u00f5es.<\/p>\n\n\n\n<h2 class=\"wp-block-heading\">Contexto da pris\u00e3o e depoimento<\/h2>\n\n\n\n<p class=\"wp-block-paragraph\">A pris\u00e3o de Vorcaro remonta a mar\u00e7o e o depoimento ocorreu em ambiente controlado, sem a presen\u00e7a de policiais federais. As supostas intimida\u00e7\u00f5es seriam motivadas pelo desejo de impedir o avan\u00e7o da dela\u00e7\u00e3o premiada. O processo segue em an\u00e1lise no \u00e2mbito do STF com a participa\u00e7\u00e3o do Minist\u00e9rio P\u00fablico.<\/p>\n\n\n\n<blockquote class=\"is-layout-flow wp-block-quote-is-layout-flow\">\n\n<p class=\"wp-block-paragraph\">graves intimida\u00e7\u00f5es<\/p>\n\n<cite>Daniel Vorcaro<\/cite><\/blockquote>\n","protected":false},"excerpt":{"rendered":"<p>Daniel Vorcaro prestou depoimento a um juiz auxiliar do gabinete do ministro do STF Andr\u00e9 Mendon\u00e7a antes de 02\/09\/2026 e relatou supostas intimida\u00e7\u00f5es sofridas durante a pris\u00e3o iniciada em mar\u00e7o. Ele afirmou ter enfrentado tortura psicol\u00f3gica, maus-tratos e amea\u00e7as veladas com o objetivo de impedir uma dela\u00e7\u00e3o premiada \u00e0 Pol\u00edcia Federal. O relato ocorreu sem &hellip;<\/p>\n","protected":false},"author":5,"featured_media":84091,"comment_status":"closed","ping_status":"open","sticky":false,"template":"","format":"standard","meta":{"footnotes":""},"categories":[489,26,19,33,4],"tags":[913,4285,4508,4504,4509,4503,4507,4505,4506,4502],"class_list":["post-84092","post","type-post","status-publish","format-standard","has-post-thumbnail","hentry","category-crime","category-justica","category-manchete","category-policia","category-ultimas-noticias","tag-abuso-de-autoridade","tag-abuso-poder-publico","tag-ameacas-veladas","tag-delacao-premiada","tag-depoimento-judicial","tag-intimidacoes-prisao","tag-maus-tratos-prisao","tag-pf-policia-federal","tag-stf-andre-mendonca","tag-tortura-psicologica"],"_links":{"self":[{"href":"https:\/\/goiasemtempo.com.br\/home\/wp-json\/wp\/v2\/posts\/84092","targetHints":{"allow":["GET"]}}],"collection":[{"href":"https:\/\/goiasemtempo.com.br\/home\/wp-json\/wp\/v2\/posts"}],"about":[{"href":"https:\/\/goiasemtempo.com.br\/home\/wp-json\/wp\/v2\/types\/post"}],"author":[{"embeddable":true,"href":"https:\/\/goiasemtempo.com.br\/home\/wp-json\/wp\/v2\/users\/5"}],"replies":[{"embeddable":true,"href":"https:\/\/goiasemtempo.com.br\/home\/wp-json\/wp\/v2\/comments?post=84092"}],"version-history":[{"count":1,"href":"https:\/\/goiasemtempo.com.br\/home\/wp-json\/wp\/v2\/posts\/84092\/revisions"}],"predecessor-version":[{"id":84093,"href":"https:\/\/goiasemtempo.com.br\/home\/wp-json\/wp\/v2\/posts\/84092\/revisions\/84093"}],"wp:featuredmedia":[{"embeddable":true,"href":"https:\/\/goiasemtempo.com.br\/home\/wp-json\/wp\/v2\/media\/84091"}],"wp:attachment":[{"href":"https:\/\/goiasemtempo.com.br\/home\/wp-json\/wp\/v2\/media?parent=84092"}],"wp:term":[{"taxonomy":"category","embeddable":true,"href":"https:\/\/goiasemtempo.com.br\/home\/wp-json\/wp\/v2\/categories?post=84092"},{"taxonomy":"post_tag","embeddable":true,"href":"https:\/\/goiasemtempo.com.br\/home\/wp-json\/wp\/v2\/tags?post=84092"}],"curies":[{"name":"wp","href":"https:\/\/api.w.org\/{rel}","templated":true}]}}