{"id":84090,"date":"2026-09-03T17:39:13","date_gmt":"2026-09-03T17:39:13","guid":{"rendered":"https:\/\/goiasemtempo.com.br\/home\/?p=84090"},"modified":"2026-09-03T17:39:13","modified_gmt":"2026-09-03T17:39:13","slug":"incendio-lote-baldio-vila-santa-maria-anapolis","status":"publish","type":"post","link":"https:\/\/goiasemtempo.com.br\/home\/incendio-lote-baldio-vila-santa-maria-anapolis\/","title":{"rendered":"Inc\u00eandio em lote baldio assusta moradores da Vila Santa Maria em An\u00e1polis"},"content":{"rendered":"\n<p class=\"wp-block-paragraph\">Um inc\u00eandio de grandes propor\u00e7\u00f5es atingiu um lote baldio pr\u00f3ximo ao antigo Clube Panorama, na Vila Santa Maria, regi\u00e3o Central de An\u00e1polis, no in\u00edcio da noite de ter\u00e7a-feira, 1\u00ba de setembro de 2026. Moradores da \u00e1rea relataram chamas elevadas e intensa fuma\u00e7a, o que provocou alarme devido ao risco de explos\u00e3o de um carro estacionado nas imedia\u00e7\u00f5es. O Corpo de Bombeiros foi acionado, mas nenhuma viatura chegou ao local at\u00e9 o momento do relato.<\/p>\n\n\n\n<h2 class=\"wp-block-heading\">Resposta dos bombeiros e riscos imediatos<\/h2>\n\n\n\n<p class=\"wp-block-paragraph\">O fogo se espalhou rapidamente pelo terreno, gerando preocupa\u00e7\u00e3o entre os residentes da Vila Santa Maria. O propriet\u00e1rio do lote nunca realizou a cerca exigida, o que permite o ac\u00famulo de material inflam\u00e1vel. Bombeiros foram chamados, entretanto a aus\u00eancia de atendimento imediato aumentou a tens\u00e3o no local. Uma pessoa que acompanha a situa\u00e7\u00e3o expressou o desespero com a frase exata a seguir.<\/p>\n\n\n\n<blockquote class=\"is-layout-flow wp-block-quote-is-layout-flow\">\n\n<p class=\"wp-block-paragraph\">Socorro<\/p>\n\n<cite>uma pessoa que acompanha a situa\u00e7\u00e3o<\/cite><\/blockquote>\n\n\n\n<h2 class=\"wp-block-heading\">Hist\u00f3rico de ocorr\u00eancias e solicita\u00e7\u00f5es \u00e0 prefeitura<\/h2>\n\n\n\n<p class=\"wp-block-paragraph\">O inc\u00eandio \u00e9 recorrente no mesmo endere\u00e7o e a vizinhan\u00e7a j\u00e1 encaminhou pedidos de limpeza \u00e0 Prefeitura de An\u00e1polis. Moradores destacam que a falta de manuten\u00e7\u00e3o pelo propriet\u00e1rio contribui para a repeti\u00e7\u00e3o do problema. At\u00e9 o momento, n\u00e3o h\u00e1 informa\u00e7\u00f5es sobre medidas adotadas para evitar novos epis\u00f3dios. A situa\u00e7\u00e3o evidencia a necessidade de a\u00e7\u00f5es preventivas por parte das autoridades competentes.<\/p>\n","protected":false},"excerpt":{"rendered":"<p>Um inc\u00eandio de grandes propor\u00e7\u00f5es atingiu um lote baldio pr\u00f3ximo ao antigo Clube Panorama, na Vila Santa Maria, regi\u00e3o Central de An\u00e1polis, no in\u00edcio da noite de ter\u00e7a-feira, 1\u00ba de setembro de 2026. Moradores da \u00e1rea relataram chamas elevadas e intensa fuma\u00e7a, o que provocou alarme devido ao risco de explos\u00e3o de um carro estacionado &hellip;<\/p>\n","protected":false},"author":5,"featured_media":84089,"comment_status":"closed","ping_status":"open","sticky":false,"template":"","format":"standard","meta":{"footnotes":""},"categories":[18,7,19,469,4],"tags":[4500,4498,1879,4496,4494,4499,4495,4501,4497,4308],"class_list":["post-84090","post","type-post","status-publish","format-standard","has-post-thumbnail","hentry","category-anapolis","category-cidades","category-manchete","category-seguranca","category-ultimas-noticias","tag-chamas-elevadas","tag-clube-panorama","tag-corpo-de-bombeiros","tag-fumaca-anapolis","tag-incendio-anapolis","tag-incendio-goias","tag-lote-baldio-anapolis","tag-regiao-central-anapolis","tag-risco-de-explosao","tag-vila-santa-maria"],"_links":{"self":[{"href":"https:\/\/goiasemtempo.com.br\/home\/wp-json\/wp\/v2\/posts\/84090","targetHints":{"allow":["GET"]}}],"collection":[{"href":"https:\/\/goiasemtempo.com.br\/home\/wp-json\/wp\/v2\/posts"}],"about":[{"href":"https:\/\/goiasemtempo.com.br\/home\/wp-json\/wp\/v2\/types\/post"}],"author":[{"embeddable":true,"href":"https:\/\/goiasemtempo.com.br\/home\/wp-json\/wp\/v2\/users\/5"}],"replies":[{"embeddable":true,"href":"https:\/\/goiasemtempo.com.br\/home\/wp-json\/wp\/v2\/comments?post=84090"}],"version-history":[{"count":1,"href":"https:\/\/goiasemtempo.com.br\/home\/wp-json\/wp\/v2\/posts\/84090\/revisions"}],"predecessor-version":[{"id":84094,"href":"https:\/\/goiasemtempo.com.br\/home\/wp-json\/wp\/v2\/posts\/84090\/revisions\/84094"}],"wp:featuredmedia":[{"embeddable":true,"href":"https:\/\/goiasemtempo.com.br\/home\/wp-json\/wp\/v2\/media\/84089"}],"wp:attachment":[{"href":"https:\/\/goiasemtempo.com.br\/home\/wp-json\/wp\/v2\/media?parent=84090"}],"wp:term":[{"taxonomy":"category","embeddable":true,"href":"https:\/\/goiasemtempo.com.br\/home\/wp-json\/wp\/v2\/categories?post=84090"},{"taxonomy":"post_tag","embeddable":true,"href":"https:\/\/goiasemtempo.com.br\/home\/wp-json\/wp\/v2\/tags?post=84090"}],"curies":[{"name":"wp","href":"https:\/\/api.w.org\/{rel}","templated":true}]}}