{"id":84088,"date":"2026-09-03T17:39:14","date_gmt":"2026-09-03T17:39:14","guid":{"rendered":"https:\/\/goiasemtempo.com.br\/home\/?p=84088"},"modified":"2026-09-03T17:39:14","modified_gmt":"2026-09-03T17:39:14","slug":"senado-pauta-indicacao-rodrigo-pacheco-tcu","status":"publish","type":"post","link":"https:\/\/goiasemtempo.com.br\/home\/senado-pauta-indicacao-rodrigo-pacheco-tcu\/","title":{"rendered":"Senado pauta indica\u00e7\u00e3o de Rodrigo Pacheco para vaga no TCU"},"content":{"rendered":"\n<p class=\"wp-block-paragraph\">O presidente do Senado, Davi Alcolumbre, pautou na ter\u00e7a-feira, 1 de setembro de 2026, a vota\u00e7\u00e3o do projeto de decreto legislativo que indica o senador Rodrigo Pacheco para uma vaga no Tribunal de Contas da Uni\u00e3o. A iniciativa busca preencher o posto deixado por Bruno Dantas e contou com articula\u00e7\u00e3o pr\u00e9via para agilizar o tr\u00e2mite na Casa.<\/p>\n\n\n\n<h2 class=\"wp-block-heading\">Consenso e tramita\u00e7\u00e3o acelerada<\/h2>\n\n\n\n<p class=\"wp-block-paragraph\">Davi Alcolumbre obteve apoio dos l\u00edderes partid\u00e1rios antes de incluir o tema na pauta. O requerimento de urg\u00eancia foi aprovado e Renan Calheiros foi designado relator da mat\u00e9ria. Essas etapas permitiram que a proposta avan\u00e7asse de forma c\u00e9lere no Senado Federal, em Bras\u00edlia, sem necessidade de discuss\u00f5es prolongadas em comiss\u00f5es.<\/p>\n\n\n\n<h2 class=\"wp-block-heading\">Pr\u00f3ximos passos no Congresso<\/h2>\n\n\n\n<p class=\"wp-block-paragraph\">Ap\u00f3s a an\u00e1lise no Senado, o projeto ainda precisa ser votado na C\u00e2mara dos Deputados para que a indica\u00e7\u00e3o de Rodrigo Pacheco ao TCU se concretize. O processo segue os tr\u00e2mites regimentais e depende da aprova\u00e7\u00e3o final dos parlamentares das duas Casas para efetivar a nomea\u00e7\u00e3o.<\/p>\n","protected":false},"excerpt":{"rendered":"<p>O presidente do Senado, Davi Alcolumbre, pautou na ter\u00e7a-feira, 1 de setembro de 2026, a vota\u00e7\u00e3o do projeto de decreto legislativo que indica o senador Rodrigo Pacheco para uma vaga no Tribunal de Contas da Uni\u00e3o. A iniciativa busca preencher o posto deixado por Bruno Dantas e contou com articula\u00e7\u00e3o pr\u00e9via para agilizar o tr\u00e2mite &hellip;<\/p>\n","protected":false},"author":5,"featured_media":84087,"comment_status":"closed","ping_status":"open","sticky":false,"template":"","format":"standard","meta":{"footnotes":""},"categories":[19,2,4],"tags":[4488,4489,725,4492,1059,4487,1055,4491,4490,4493],"class_list":["post-84088","post","type-post","status-publish","format-standard","has-post-thumbnail","hentry","category-manchete","category-politica","category-ultimas-noticias","tag-acao-parlamentar","tag-acordao-tcu","tag-aprovacao-legislativa","tag-bruno-dantas","tag-congresso-nacional","tag-cra-senado","tag-davi-alcolumbre","tag-indicacao-tcu","tag-rodrigo-pacheco","tag-tribunal-de-contas"],"_links":{"self":[{"href":"https:\/\/goiasemtempo.com.br\/home\/wp-json\/wp\/v2\/posts\/84088","targetHints":{"allow":["GET"]}}],"collection":[{"href":"https:\/\/goiasemtempo.com.br\/home\/wp-json\/wp\/v2\/posts"}],"about":[{"href":"https:\/\/goiasemtempo.com.br\/home\/wp-json\/wp\/v2\/types\/post"}],"author":[{"embeddable":true,"href":"https:\/\/goiasemtempo.com.br\/home\/wp-json\/wp\/v2\/users\/5"}],"replies":[{"embeddable":true,"href":"https:\/\/goiasemtempo.com.br\/home\/wp-json\/wp\/v2\/comments?post=84088"}],"version-history":[{"count":1,"href":"https:\/\/goiasemtempo.com.br\/home\/wp-json\/wp\/v2\/posts\/84088\/revisions"}],"predecessor-version":[{"id":84095,"href":"https:\/\/goiasemtempo.com.br\/home\/wp-json\/wp\/v2\/posts\/84088\/revisions\/84095"}],"wp:featuredmedia":[{"embeddable":true,"href":"https:\/\/goiasemtempo.com.br\/home\/wp-json\/wp\/v2\/media\/84087"}],"wp:attachment":[{"href":"https:\/\/goiasemtempo.com.br\/home\/wp-json\/wp\/v2\/media?parent=84088"}],"wp:term":[{"taxonomy":"category","embeddable":true,"href":"https:\/\/goiasemtempo.com.br\/home\/wp-json\/wp\/v2\/categories?post=84088"},{"taxonomy":"post_tag","embeddable":true,"href":"https:\/\/goiasemtempo.com.br\/home\/wp-json\/wp\/v2\/tags?post=84088"}],"curies":[{"name":"wp","href":"https:\/\/api.w.org\/{rel}","templated":true}]}}