{"id":84086,"date":"2026-09-03T17:39:14","date_gmt":"2026-09-03T17:39:14","guid":{"rendered":"https:\/\/goiasemtempo.com.br\/home\/?p=84086"},"modified":"2026-09-03T17:39:14","modified_gmt":"2026-09-03T17:39:14","slug":"motorista-onibus-agride-vendedor-morangos-barra-ferro-barra-tijuca","status":"publish","type":"post","link":"https:\/\/goiasemtempo.com.br\/home\/motorista-onibus-agride-vendedor-morangos-barra-ferro-barra-tijuca\/","title":{"rendered":"Motorista de \u00f4nibus agride vendedor de morangos com barra de ferro na Barra da Tijuca"},"content":{"rendered":"\n<p class=\"wp-block-paragraph\">Um vendedor ambulante de morangos foi agredido com uma barra de ferro por um motorista de \u00f4nibus na Barra da Tijuca, Zona Oeste do Rio de Janeiro. O fato aconteceu no s\u00e1bado, 29 de agosto de 2026, dentro do \u00f4nibus da linha 361, pr\u00f3ximo \u00e0 sa\u00edda 7 da Linha Amarela. David Ferreira, de 40 anos, entrou pelo porta traseira sem pagar a passagem e se recusou a deixar o ve\u00edculo, gerando discuss\u00e3o que evoluiu para agress\u00e3o f\u00edsica. O caso est\u00e1 sob responsabilidade do delegado Mario Albert Pereira.<\/p>\n\n\n\n<h2 class=\"wp-block-heading\">Sequ\u00eancia dos fatos no coletivo<\/h2>\n\n\n\n<p class=\"wp-block-paragraph\">A v\u00edtima subiu no \u00f4nibus sem pagar e manteve-se no interior do ve\u00edculo apesar de ser orientada a descer. A discuss\u00e3o entre David Ferreira e o motorista levou o \u00f4nibus a parar no local indicado. Testemunhas relataram que houve luta corporal antes de o condutor pegar a barra de ferro e golpear a cabe\u00e7a da v\u00edtima, prosseguindo com os golpes ap\u00f3s a queda.<\/p>\n\n\n\n<h2 class=\"wp-block-heading\">Investiga\u00e7\u00e3o conduzida pela pol\u00edcia<\/h2>\n\n\n\n<p class=\"wp-block-paragraph\">O delegado Mario Albert Pereira conduz as apura\u00e7\u00f5es para esclarecer os detalhes da briga. As informa\u00e7\u00f5es recolhidas apontam que a recusa em pagar a passagem e deixar o coletivo motivou o confronto, conforme relatos de quem presenciou o epis\u00f3dio. As autoridades continuam reunindo elementos para definir as responsabilidades no incidente.<\/p>\n\n\n\n<h2 class=\"wp-block-heading\">Contexto do transporte p\u00fablico na regi\u00e3o<\/h2>\n\n\n\n<p class=\"wp-block-paragraph\">O \u00f4nibus da linha 361 circula diariamente pela Barra da Tijuca e atende grande volume de passageiros na Zona Oeste. Epis\u00f3dios de discuss\u00e3o entre usu\u00e1rios e motoristas s\u00e3o relatados com frequ\u00eancia em diferentes linhas da cidade. A ocorr\u00eancia refor\u00e7a a necessidade de aten\u00e7\u00e3o a conflitos que surgem no dia a dia do transporte coletivo.<\/p>\n","protected":false},"excerpt":{"rendered":"<p>Um vendedor ambulante de morangos foi agredido com uma barra de ferro por um motorista de \u00f4nibus na Barra da Tijuca, Zona Oeste do Rio de Janeiro. O fato aconteceu no s\u00e1bado, 29 de agosto de 2026, dentro do \u00f4nibus da linha 361, pr\u00f3ximo \u00e0 sa\u00edda 7 da Linha Amarela. David Ferreira, de 40 anos, &hellip;<\/p>\n","protected":false},"author":5,"featured_media":84085,"comment_status":"closed","ping_status":"open","sticky":false,"template":"","format":"standard","meta":{"footnotes":""},"categories":[489,19,33,346,4],"tags":[1467,1202,2292,4477,4483,4486,4485,4479,4484,4481],"class_list":["post-84086","post","type-post","status-publish","format-standard","has-post-thumbnail","hentry","category-crime","category-manchete","category-policia","category-transito","category-ultimas-noticias","tag-acidente-rio-de-janeiro","tag-agressao-fisica","tag-agressao-onibus","tag-barra-da-tijuca","tag-barra-de-ferro","tag-david-ferreira","tag-linha-amarela","tag-motorista-agressor","tag-onibus-361","tag-vendedor-ambulante"],"_links":{"self":[{"href":"https:\/\/goiasemtempo.com.br\/home\/wp-json\/wp\/v2\/posts\/84086","targetHints":{"allow":["GET"]}}],"collection":[{"href":"https:\/\/goiasemtempo.com.br\/home\/wp-json\/wp\/v2\/posts"}],"about":[{"href":"https:\/\/goiasemtempo.com.br\/home\/wp-json\/wp\/v2\/types\/post"}],"author":[{"embeddable":true,"href":"https:\/\/goiasemtempo.com.br\/home\/wp-json\/wp\/v2\/users\/5"}],"replies":[{"embeddable":true,"href":"https:\/\/goiasemtempo.com.br\/home\/wp-json\/wp\/v2\/comments?post=84086"}],"version-history":[{"count":1,"href":"https:\/\/goiasemtempo.com.br\/home\/wp-json\/wp\/v2\/posts\/84086\/revisions"}],"predecessor-version":[{"id":84096,"href":"https:\/\/goiasemtempo.com.br\/home\/wp-json\/wp\/v2\/posts\/84086\/revisions\/84096"}],"wp:featuredmedia":[{"embeddable":true,"href":"https:\/\/goiasemtempo.com.br\/home\/wp-json\/wp\/v2\/media\/84085"}],"wp:attachment":[{"href":"https:\/\/goiasemtempo.com.br\/home\/wp-json\/wp\/v2\/media?parent=84086"}],"wp:term":[{"taxonomy":"category","embeddable":true,"href":"https:\/\/goiasemtempo.com.br\/home\/wp-json\/wp\/v2\/categories?post=84086"},{"taxonomy":"post_tag","embeddable":true,"href":"https:\/\/goiasemtempo.com.br\/home\/wp-json\/wp\/v2\/tags?post=84086"}],"curies":[{"name":"wp","href":"https:\/\/api.w.org\/{rel}","templated":true}]}}