{"id":84077,"date":"2026-09-02T15:57:07","date_gmt":"2026-09-02T15:57:07","guid":{"rendered":"https:\/\/goiasemtempo.com.br\/home\/?p=84077"},"modified":"2026-09-02T15:57:07","modified_gmt":"2026-09-02T15:57:07","slug":"droga-raia-condenada-pagar-4-milhoes-assedio-moral-sexual-rio","status":"publish","type":"post","link":"https:\/\/goiasemtempo.com.br\/home\/droga-raia-condenada-pagar-4-milhoes-assedio-moral-sexual-rio\/","title":{"rendered":"Droga Raia \u00e9 condenada a pagar R$ 4 milh\u00f5es por ass\u00e9dio moral e sexual no Rio"},"content":{"rendered":"\n<p class=\"wp-block-paragraph\">A rede de farm\u00e1cias Droga Raia foi condenada pelo Tribunal Regional do Trabalho da Primeira Regi\u00e3o a pagar R$ 4 milh\u00f5es por dano moral coletivo. A decis\u00e3o atende a uma a\u00e7\u00e3o do Minist\u00e9rio P\u00fablico do Trabalho no Rio de Janeiro que reuniu den\u00fancias de ass\u00e9dio moral, sexual e materno, al\u00e9m de pr\u00e1ticas discriminat\u00f3rias no ambiente de trabalho. O TRT-1 reformou por unanimidade a senten\u00e7a inicial que havia julgado improcedente o pedido.<\/p>\n\n\n\n<h2 class=\"wp-block-heading\">Reforma un\u00e2nime no tribunal<\/h2>\n\n\n\n<p class=\"wp-block-paragraph\">O TRT-1 determinou que a empresa adote medidas de preven\u00e7\u00e3o em noventa dias e pague a indeniza\u00e7\u00e3o ao Fundo de Amparo ao Trabalhador ou a projetos indicados pelo MPT-RJ. A primeira inst\u00e2ncia havia negado o pedido, mas o tribunal entendeu que os documentos apresentados n\u00e3o comprovavam acompanhamento efetivo dos riscos psicossociais.<\/p>\n\n\n\n<h2 class=\"wp-block-heading\">Falhas na preven\u00e7\u00e3o de ass\u00e9dio<\/h2>\n\n\n\n<p class=\"wp-block-paragraph\">O canal de den\u00fancias n\u00e3o funcionava de forma efetiva e as medidas preventivas eram gen\u00e9ricas, sem estrat\u00e9gias concretas contra ass\u00e9dio e discrimina\u00e7\u00e3o. O julgamento refor\u00e7a a necessidade de pol\u00edticas claras e canais funcionais nas empresas para proteger os trabalhadores contra condutas inadequadas no ambiente laboral.<\/p>\n","protected":false},"excerpt":{"rendered":"<p>A rede de farm\u00e1cias Droga Raia foi condenada pelo Tribunal Regional do Trabalho da Primeira Regi\u00e3o a pagar R$ 4 milh\u00f5es por dano moral coletivo. A decis\u00e3o atende a uma a\u00e7\u00e3o do Minist\u00e9rio P\u00fablico do Trabalho no Rio de Janeiro que reuniu den\u00fancias de ass\u00e9dio moral, sexual e materno, al\u00e9m de pr\u00e1ticas discriminat\u00f3rias no ambiente &hellip;<\/p>\n","protected":false},"author":5,"featured_media":84076,"comment_status":"closed","ping_status":"open","sticky":false,"template":"","format":"standard","meta":{"footnotes":""},"categories":[489,48,26,19,4],"tags":[4427,4469,639,3714,4467,4473,4468,4472,4470,4471],"class_list":["post-84077","post","type-post","status-publish","format-standard","has-post-thumbnail","hentry","category-crime","category-direito","category-justica","category-manchete","category-ultimas-noticias","tag-abusos-mulheres","tag-assedio-materno","tag-assedio-moral","tag-assedio-sexual","tag-dano-moral-coletivo","tag-direitos-trabalhistas","tag-discriminacao-trabalhista","tag-droga-raia","tag-ministerio-publico-do-trabalho","tag-trt-1"],"_links":{"self":[{"href":"https:\/\/goiasemtempo.com.br\/home\/wp-json\/wp\/v2\/posts\/84077","targetHints":{"allow":["GET"]}}],"collection":[{"href":"https:\/\/goiasemtempo.com.br\/home\/wp-json\/wp\/v2\/posts"}],"about":[{"href":"https:\/\/goiasemtempo.com.br\/home\/wp-json\/wp\/v2\/types\/post"}],"author":[{"embeddable":true,"href":"https:\/\/goiasemtempo.com.br\/home\/wp-json\/wp\/v2\/users\/5"}],"replies":[{"embeddable":true,"href":"https:\/\/goiasemtempo.com.br\/home\/wp-json\/wp\/v2\/comments?post=84077"}],"version-history":[{"count":1,"href":"https:\/\/goiasemtempo.com.br\/home\/wp-json\/wp\/v2\/posts\/84077\/revisions"}],"predecessor-version":[{"id":84078,"href":"https:\/\/goiasemtempo.com.br\/home\/wp-json\/wp\/v2\/posts\/84077\/revisions\/84078"}],"wp:featuredmedia":[{"embeddable":true,"href":"https:\/\/goiasemtempo.com.br\/home\/wp-json\/wp\/v2\/media\/84076"}],"wp:attachment":[{"href":"https:\/\/goiasemtempo.com.br\/home\/wp-json\/wp\/v2\/media?parent=84077"}],"wp:term":[{"taxonomy":"category","embeddable":true,"href":"https:\/\/goiasemtempo.com.br\/home\/wp-json\/wp\/v2\/categories?post=84077"},{"taxonomy":"post_tag","embeddable":true,"href":"https:\/\/goiasemtempo.com.br\/home\/wp-json\/wp\/v2\/tags?post=84077"}],"curies":[{"name":"wp","href":"https:\/\/api.w.org\/{rel}","templated":true}]}}