{"id":84075,"date":"2026-09-02T15:57:08","date_gmt":"2026-09-02T15:57:08","guid":{"rendered":"https:\/\/goiasemtempo.com.br\/home\/?p=84075"},"modified":"2026-09-02T15:57:08","modified_gmt":"2026-09-02T15:57:08","slug":"carro-invade-farmacia-perde-controle-anapolis","status":"publish","type":"post","link":"https:\/\/goiasemtempo.com.br\/home\/carro-invade-farmacia-perde-controle-anapolis\/","title":{"rendered":"Carro invade farm\u00e1cia ap\u00f3s perder controle em An\u00e1polis e deixa cinco pessoas ilesas"},"content":{"rendered":"\n<p class=\"wp-block-paragraph\">Um carro perdeu o controle e colidiu contra uma farm\u00e1cia na Avenida Pedro Ludovico, no Jardim Na\u00e7\u00f5es Unidas, em An\u00e1polis, no in\u00edcio da noite de ter\u00e7a-feira, 1\u00ba de setembro de 2026. O ve\u00edculo destruiu parte da fachada, invadiu o interior do estabelecimento e derrubou produtos, enquanto pedestres na cal\u00e7ada precisaram se desviar rapidamente. Ningu\u00e9m ficou ferido, mas o susto marcou os envolvidos no epis\u00f3dio.<\/p>\n\n\n\n<h2 class=\"wp-block-heading\">Como ocorreu o acidente<\/h2>\n\n\n\n<p class=\"wp-block-paragraph\">O motorista dirigia pela avenida quando perdeu o controle do carro, que avan\u00e7ou direto contra a farm\u00e1cia. O impacto derrubou parte da estrutura externa e fez o ve\u00edculo entrar no interior, espalhando mercadorias pelo ch\u00e3o. As duas pessoas que estavam dentro do local se protegeram no momento da colis\u00e3o, enquanto tr\u00eas pedestres que caminhavam na cal\u00e7ada escaparam por pouco do carro desgovernado.<\/p>\n\n\n\n<h2 class=\"wp-block-heading\">Pessoas envolvidas e danos registrados<\/h2>\n\n\n\n<p class=\"wp-block-paragraph\">Al\u00e9m do condutor do ve\u00edculo, as duas pessoas presentes na farm\u00e1cia e os tr\u00eas pedestres na cal\u00e7ada participaram do ocorrido. O carro causou danos vis\u00edveis na fachada e no interior do com\u00e9rcio, com produtos espalhados ap\u00f3s a invas\u00e3o. As autoridades locais foram acionadas para registrar o incidente e avaliar as condi\u00e7\u00f5es do local.<\/p>\n\n\n\n<h2 class=\"wp-block-heading\">Medidas adotadas ap\u00f3s o choque<\/h2>\n\n\n\n<p class=\"wp-block-paragraph\">Equipes de atendimento chegaram ao endere\u00e7o para verificar os estragos e garantir a seguran\u00e7a do entorno. O motorista permaneceu no local para prestar esclarecimentos, e a farm\u00e1cia iniciou os trabalhos de limpeza e reparo da \u00e1rea afetada. O caso segue em an\u00e1lise pelas autoridades competentes de An\u00e1polis.<\/p>\n","protected":false},"excerpt":{"rendered":"<p>Um carro perdeu o controle e colidiu contra uma farm\u00e1cia na Avenida Pedro Ludovico, no Jardim Na\u00e7\u00f5es Unidas, em An\u00e1polis, no in\u00edcio da noite de ter\u00e7a-feira, 1\u00ba de setembro de 2026. O ve\u00edculo destruiu parte da fachada, invadiu o interior do estabelecimento e derrubou produtos, enquanto pedestres na cal\u00e7ada precisaram se desviar rapidamente. Ningu\u00e9m ficou &hellip;<\/p>\n","protected":false},"author":5,"featured_media":84074,"comment_status":"closed","ping_status":"open","sticky":false,"template":"","format":"standard","meta":{"footnotes":""},"categories":[18,54,19,346,4],"tags":[607,1977,4465,560,1980,4463,4462,4464,4466,3927],"class_list":["post-84075","post","type-post","status-publish","format-standard","has-post-thumbnail","hentry","category-anapolis","category-automoveis","category-manchete","category-transito","category-ultimas-noticias","tag-acidente-goiania","tag-acidente-rodoviario","tag-acidente-sem-vitimas","tag-acidente-transito","tag-anapolis-acidente","tag-avenida-pedro-ludovico","tag-carro-invade-farmacia","tag-colisao-fachada","tag-jardim-nacoes-unidas","tag-perda-de-controle"],"_links":{"self":[{"href":"https:\/\/goiasemtempo.com.br\/home\/wp-json\/wp\/v2\/posts\/84075","targetHints":{"allow":["GET"]}}],"collection":[{"href":"https:\/\/goiasemtempo.com.br\/home\/wp-json\/wp\/v2\/posts"}],"about":[{"href":"https:\/\/goiasemtempo.com.br\/home\/wp-json\/wp\/v2\/types\/post"}],"author":[{"embeddable":true,"href":"https:\/\/goiasemtempo.com.br\/home\/wp-json\/wp\/v2\/users\/5"}],"replies":[{"embeddable":true,"href":"https:\/\/goiasemtempo.com.br\/home\/wp-json\/wp\/v2\/comments?post=84075"}],"version-history":[{"count":1,"href":"https:\/\/goiasemtempo.com.br\/home\/wp-json\/wp\/v2\/posts\/84075\/revisions"}],"predecessor-version":[{"id":84079,"href":"https:\/\/goiasemtempo.com.br\/home\/wp-json\/wp\/v2\/posts\/84075\/revisions\/84079"}],"wp:featuredmedia":[{"embeddable":true,"href":"https:\/\/goiasemtempo.com.br\/home\/wp-json\/wp\/v2\/media\/84074"}],"wp:attachment":[{"href":"https:\/\/goiasemtempo.com.br\/home\/wp-json\/wp\/v2\/media?parent=84075"}],"wp:term":[{"taxonomy":"category","embeddable":true,"href":"https:\/\/goiasemtempo.com.br\/home\/wp-json\/wp\/v2\/categories?post=84075"},{"taxonomy":"post_tag","embeddable":true,"href":"https:\/\/goiasemtempo.com.br\/home\/wp-json\/wp\/v2\/tags?post=84075"}],"curies":[{"name":"wp","href":"https:\/\/api.w.org\/{rel}","templated":true}]}}