{"id":84071,"date":"2026-09-02T15:57:10","date_gmt":"2026-09-02T15:57:10","guid":{"rendered":"https:\/\/goiasemtempo.com.br\/home\/?p=84071"},"modified":"2026-09-02T15:57:10","modified_gmt":"2026-09-02T15:57:10","slug":"motorista-onibus-assaltado-anapolis-suspeito-preso-flagrante","status":"publish","type":"post","link":"https:\/\/goiasemtempo.com.br\/home\/motorista-onibus-assaltado-anapolis-suspeito-preso-flagrante\/","title":{"rendered":"Motorista de \u00f4nibus \u00e9 assaltado em An\u00e1polis e reconhece suspeito preso em flagrante"},"content":{"rendered":"\n<p class=\"wp-block-paragraph\">Um motorista de \u00f4nibus da linha Filostro-Morada Nova foi assaltado na regi\u00e3o do Parque Bras\u00edlia, em An\u00e1polis, e o suspeito foi preso em flagrante pela Pol\u00edcia Militar ap\u00f3s ser reconhecido pela v\u00edtima. O incidente ocorreu dentro do coletivo da empresa Urban, quando o homem abordou o condutor e levou seus pertences pessoais.<\/p>\n\n\n\n<h2 class=\"wp-block-heading\">Como aconteceu o assalto no coletivo<\/h2>\n\n\n\n<p class=\"wp-block-paragraph\">O suspeito entrou no \u00f4nibus no bairro Filostro Machado e permaneceu na parte traseira durante o trajeto. Ap\u00f3s os passageiros descerem, ele se aproximou do motorista e pressionou um objeto contra suas costelas. Em seguida, subtraiu o celular e cerca de duzentos reais em dinheiro antes de fugir em dire\u00e7\u00e3o ao Viaduto Ayrton Senna.<\/p>\n\n\n\n<h2 class=\"wp-block-heading\">A\u00e7\u00e3o da pol\u00edcia e reconhecimento da v\u00edtima<\/h2>\n\n\n\n<p class=\"wp-block-paragraph\">Agentes da Pol\u00edcia Militar localizaram um homem com caracter\u00edsticas semelhantes na Avenida Ayrton Senna e encontraram vinte e sete reais em moedas com ele. A v\u00edtima foi levada \u00e0 Central de Flagrantes, onde reconheceu o suspeito, o que resultou na pris\u00e3o em flagrante. O caso refor\u00e7a a import\u00e2ncia de medidas de seguran\u00e7a no transporte coletivo da cidade.<\/p>\n","protected":false},"excerpt":{"rendered":"<p>Um motorista de \u00f4nibus da linha Filostro-Morada Nova foi assaltado na regi\u00e3o do Parque Bras\u00edlia, em An\u00e1polis, e o suspeito foi preso em flagrante pela Pol\u00edcia Militar ap\u00f3s ser reconhecido pela v\u00edtima. O incidente ocorreu dentro do coletivo da empresa Urban, quando o homem abordou o condutor e levou seus pertences pessoais. Como aconteceu o &hellip;<\/p>\n","protected":false},"author":5,"featured_media":84070,"comment_status":"closed","ping_status":"open","sticky":false,"template":"","format":"standard","meta":{"footnotes":""},"categories":[18,489,19,33,4],"tags":[769,1204,68,4450,4453,4454,4451,2113,4074,4452],"class_list":["post-84071","post","type-post","status-publish","format-standard","has-post-thumbnail","hentry","category-anapolis","category-crime","category-manchete","category-policia","category-ultimas-noticias","tag-abordagem-policial","tag-agressor-preso","tag-anapolis","tag-assalto-onibus","tag-crime-no-onibus","tag-linha-filostro","tag-motorista-assaltado","tag-policia-militar","tag-preso-em-flagrante","tag-reconhecimento-vitima"],"_links":{"self":[{"href":"https:\/\/goiasemtempo.com.br\/home\/wp-json\/wp\/v2\/posts\/84071","targetHints":{"allow":["GET"]}}],"collection":[{"href":"https:\/\/goiasemtempo.com.br\/home\/wp-json\/wp\/v2\/posts"}],"about":[{"href":"https:\/\/goiasemtempo.com.br\/home\/wp-json\/wp\/v2\/types\/post"}],"author":[{"embeddable":true,"href":"https:\/\/goiasemtempo.com.br\/home\/wp-json\/wp\/v2\/users\/5"}],"replies":[{"embeddable":true,"href":"https:\/\/goiasemtempo.com.br\/home\/wp-json\/wp\/v2\/comments?post=84071"}],"version-history":[{"count":1,"href":"https:\/\/goiasemtempo.com.br\/home\/wp-json\/wp\/v2\/posts\/84071\/revisions"}],"predecessor-version":[{"id":84081,"href":"https:\/\/goiasemtempo.com.br\/home\/wp-json\/wp\/v2\/posts\/84071\/revisions\/84081"}],"wp:featuredmedia":[{"embeddable":true,"href":"https:\/\/goiasemtempo.com.br\/home\/wp-json\/wp\/v2\/media\/84070"}],"wp:attachment":[{"href":"https:\/\/goiasemtempo.com.br\/home\/wp-json\/wp\/v2\/media?parent=84071"}],"wp:term":[{"taxonomy":"category","embeddable":true,"href":"https:\/\/goiasemtempo.com.br\/home\/wp-json\/wp\/v2\/categories?post=84071"},{"taxonomy":"post_tag","embeddable":true,"href":"https:\/\/goiasemtempo.com.br\/home\/wp-json\/wp\/v2\/tags?post=84071"}],"curies":[{"name":"wp","href":"https:\/\/api.w.org\/{rel}","templated":true}]}}