{"id":84069,"date":"2026-09-02T15:57:10","date_gmt":"2026-09-02T15:57:10","guid":{"rendered":"https:\/\/goiasemtempo.com.br\/home\/?p=84069"},"modified":"2026-09-02T15:57:10","modified_gmt":"2026-09-02T15:57:10","slug":"interrupcoes-programadas-energia-equatorial-goias-goiania-anapolis","status":"publish","type":"post","link":"https:\/\/goiasemtempo.com.br\/home\/interrupcoes-programadas-energia-equatorial-goias-goiania-anapolis\/","title":{"rendered":"Equatorial Goi\u00e1s inicia interrup\u00e7\u00f5es programadas de energia em 15 bairros de Goi\u00e2nia e An\u00e1polis"},"content":{"rendered":"\n<p class=\"wp-block-paragraph\">Moradores de 15 bairros em Goi\u00e2nia e An\u00e1polis enfrentam interrup\u00e7\u00f5es tempor\u00e1rias no fornecimento de energia el\u00e9trica entre 31 de agosto e 6 de setembro de 2026. A Equatorial Goi\u00e1s realiza servi\u00e7os programados de moderniza\u00e7\u00e3o da rede, incluindo troca de postes, transformadores e cabos, com comunica\u00e7\u00e3o pr\u00e9via aos consumidores afetados.<\/p>\n\n\n\n<h2 class=\"wp-block-heading\">Cronograma de desligamentos<\/h2>\n\n\n\n<p class=\"wp-block-paragraph\">As obras ocorrem em hor\u00e1rios espec\u00edficos para garantir seguran\u00e7a das equipes. No dia 31 de agosto, as interrup\u00e7\u00f5es v\u00e3o das 12h \u00e0s 17h. J\u00e1 em 1\u00ba e 2 de setembro, os hor\u00e1rios variam conforme o trecho. No dia 3 de setembro, o corte ser\u00e1 das 09h \u00e0s 14h, enquanto em 6 de setembro ocorrer\u00e1 entre 07h e 11h.<\/p>\n\n\n\n<h2 class=\"wp-block-heading\">Objetivo das interven\u00e7\u00f5es<\/h2>\n\n\n\n<p class=\"wp-block-paragraph\">Os servi\u00e7os incluem manejo de \u00e1rvores, substitui\u00e7\u00e3o de cruzetas e atualiza\u00e7\u00e3o de equipamentos para aumentar a confiabilidade do sistema. A concession\u00e1ria refor\u00e7a que os trabalhos s\u00e3o essenciais para evitar problemas futuros e melhorar o fornecimento a longo prazo.<\/p>\n\n\n\n<blockquote class=\"is-layout-flow wp-block-quote-is-layout-flow\">\n\n<p class=\"wp-block-paragraph\">O desligamento programado \u00e9 fundamental para que nossas equipes trabalhem com seguran\u00e7a na moderniza\u00e7\u00e3o da rede el\u00e9trica<\/p>\n\n<cite>Roberto Vieira<\/cite><\/blockquote>\n\n\n<p>Os consumidores devem se preparar com anteced\u00eancia, desligando aparelhos sens\u00edveis e evitando o uso de elevadores durante os per\u00edodos informados. A Equatorial Goi\u00e1s orienta que d\u00favidas sejam esclarecidas pelos canais oficiais da empresa.","protected":false},"excerpt":{"rendered":"<p>Moradores de 15 bairros em Goi\u00e2nia e An\u00e1polis enfrentam interrup\u00e7\u00f5es tempor\u00e1rias no fornecimento de energia el\u00e9trica entre 31 de agosto e 6 de setembro de 2026. A Equatorial Goi\u00e1s realiza servi\u00e7os programados de moderniza\u00e7\u00e3o da rede, incluindo troca de postes, transformadores e cabos, com comunica\u00e7\u00e3o pr\u00e9via aos consumidores afetados. Cronograma de desligamentos As obras ocorrem &hellip;<\/p>\n","protected":false},"author":5,"featured_media":84068,"comment_status":"closed","ping_status":"open","sticky":false,"template":"","format":"standard","meta":{"footnotes":""},"categories":[18,500,480,19,4],"tags":[4362,1401,574,2177,2175,115,3136,4449,4447,4448],"class_list":["post-84069","post","type-post","status-publish","format-standard","has-post-thumbnail","hentry","category-anapolis","category-goiania","category-infraestrutura","category-manchete","category-ultimas-noticias","tag-2026-goias","tag-acesso-goiano-2027","tag-anapolis-goias","tag-energia-eletrica","tag-equatorial-goias","tag-goiania","tag-interrupcao-energia","tag-manutencao-programada","tag-modernizacao-rede","tag-troca-de-postes"],"_links":{"self":[{"href":"https:\/\/goiasemtempo.com.br\/home\/wp-json\/wp\/v2\/posts\/84069","targetHints":{"allow":["GET"]}}],"collection":[{"href":"https:\/\/goiasemtempo.com.br\/home\/wp-json\/wp\/v2\/posts"}],"about":[{"href":"https:\/\/goiasemtempo.com.br\/home\/wp-json\/wp\/v2\/types\/post"}],"author":[{"embeddable":true,"href":"https:\/\/goiasemtempo.com.br\/home\/wp-json\/wp\/v2\/users\/5"}],"replies":[{"embeddable":true,"href":"https:\/\/goiasemtempo.com.br\/home\/wp-json\/wp\/v2\/comments?post=84069"}],"version-history":[{"count":1,"href":"https:\/\/goiasemtempo.com.br\/home\/wp-json\/wp\/v2\/posts\/84069\/revisions"}],"predecessor-version":[{"id":84082,"href":"https:\/\/goiasemtempo.com.br\/home\/wp-json\/wp\/v2\/posts\/84069\/revisions\/84082"}],"wp:featuredmedia":[{"embeddable":true,"href":"https:\/\/goiasemtempo.com.br\/home\/wp-json\/wp\/v2\/media\/84068"}],"wp:attachment":[{"href":"https:\/\/goiasemtempo.com.br\/home\/wp-json\/wp\/v2\/media?parent=84069"}],"wp:term":[{"taxonomy":"category","embeddable":true,"href":"https:\/\/goiasemtempo.com.br\/home\/wp-json\/wp\/v2\/categories?post=84069"},{"taxonomy":"post_tag","embeddable":true,"href":"https:\/\/goiasemtempo.com.br\/home\/wp-json\/wp\/v2\/tags?post=84069"}],"curies":[{"name":"wp","href":"https:\/\/api.w.org\/{rel}","templated":true}]}}