{"id":84062,"date":"2026-09-01T16:57:29","date_gmt":"2026-09-01T16:57:29","guid":{"rendered":"https:\/\/goiasemtempo.com.br\/home\/?p=84062"},"modified":"2026-09-01T16:57:29","modified_gmt":"2026-09-01T16:57:29","slug":"policial-militar-prende-homem-incendios-goiania-inteligencia-artificial","status":"publish","type":"post","link":"https:\/\/goiasemtempo.com.br\/home\/policial-militar-prende-homem-incendios-goiania-inteligencia-artificial\/","title":{"rendered":"Pol\u00edcia Militar prende homem que provocava inc\u00eandios em Goi\u00e2nia com intelig\u00eancia artificial"},"content":{"rendered":"\n<p class=\"wp-block-paragraph\">A Pol\u00edcia Militar de Goi\u00e1s prendeu um homem suspeito de provocar inc\u00eandios na Vila Rosa, em Goi\u00e2nia, ap\u00f3s an\u00e1lise de v\u00eddeos com intelig\u00eancia artificial. A abordagem ocorreu no domingo, 30 de agosto de 2026, e o suspeito confessou a autoria durante a abordagem policial. O estado enfrenta emerg\u00eancia ambiental por causa da estiagem, com proibi\u00e7\u00e3o do uso de fogo at\u00e9 31 de outubro de 2026.<\/p>\n\n\n\n<h2 class=\"wp-block-heading\">Investiga\u00e7\u00e3o com apoio de intelig\u00eancia artificial<\/h2>\n\n\n\n<p class=\"wp-block-paragraph\">Moradores registraram os inc\u00eandios em v\u00eddeos e enviaram as imagens para as autoridades. A PMGO aplicou ferramentas de intelig\u00eancia artificial para identificar a motocicleta utilizada pelo autor. Uma for\u00e7a-tarefa cruzou dados e localizou o suspeito em pouco tempo.<\/p>\n\n\n\n<h2 class=\"wp-block-heading\">Confiss\u00e3o e perfil do investigado<\/h2>\n\n\n\n<p class=\"wp-block-paragraph\">O homem, que possui cerca de 12 passagens pela pol\u00edcia, admitiu ter iniciado os focos de inc\u00eandio na regi\u00e3o. Os atos ocorreram ap\u00f3s 1\u00ba de julho de 2026, per\u00edodo em que vigora a proibi\u00e7\u00e3o de uso de fogo em Goi\u00e1s. A pris\u00e3o interrompeu a sequ\u00eancia de queimadas na Vila Rosa.<\/p>\n\n\n\n<h2 class=\"wp-block-heading\">Medidas de emerg\u00eancia no estado<\/h2>\n\n\n\n<p class=\"wp-block-paragraph\">Goi\u00e1s decretou situa\u00e7\u00e3o de emerg\u00eancia ambiental devido \u00e0 seca prolongada. A legisla\u00e7\u00e3o estadual pro\u00edbe qualquer uso de fogo at\u00e9 o fim de outubro de 2026 para reduzir riscos de novos inc\u00eandios. A PMGO mant\u00e9m opera\u00e7\u00f5es de monitoramento em \u00e1reas urbanas e rurais.<\/p>\n","protected":false},"excerpt":{"rendered":"<p>A Pol\u00edcia Militar de Goi\u00e1s prendeu um homem suspeito de provocar inc\u00eandios na Vila Rosa, em Goi\u00e2nia, ap\u00f3s an\u00e1lise de v\u00eddeos com intelig\u00eancia artificial. A abordagem ocorreu no domingo, 30 de agosto de 2026, e o suspeito confessou a autoria durante a abordagem policial. O estado enfrenta emerg\u00eancia ambiental por causa da estiagem, com proibi\u00e7\u00e3o &hellip;<\/p>\n","protected":false},"author":5,"featured_media":84061,"comment_status":"closed","ping_status":"open","sticky":false,"template":"","format":"standard","meta":{"footnotes":""},"categories":[489,19,504,33,4],"tags":[769,701,4446,4443,4444,4441,1936,775,4445,4442],"class_list":["post-84062","post","type-post","status-publish","format-standard","has-post-thumbnail","hentry","category-crime","category-manchete","category-meio-ambiente","category-policia","category-ultimas-noticias","tag-abordagem-policial","tag-combate-a-criminalidade-em-goias","tag-confissao-suspeito","tag-emergencia-ambiental","tag-estiagem-goias","tag-incendios-criminosos","tag-inteligencia-artificial","tag-policia-militar-goias","tag-queimadas-proibidas","tag-vila-rosa-goiania"],"_links":{"self":[{"href":"https:\/\/goiasemtempo.com.br\/home\/wp-json\/wp\/v2\/posts\/84062","targetHints":{"allow":["GET"]}}],"collection":[{"href":"https:\/\/goiasemtempo.com.br\/home\/wp-json\/wp\/v2\/posts"}],"about":[{"href":"https:\/\/goiasemtempo.com.br\/home\/wp-json\/wp\/v2\/types\/post"}],"author":[{"embeddable":true,"href":"https:\/\/goiasemtempo.com.br\/home\/wp-json\/wp\/v2\/users\/5"}],"replies":[{"embeddable":true,"href":"https:\/\/goiasemtempo.com.br\/home\/wp-json\/wp\/v2\/comments?post=84062"}],"version-history":[{"count":1,"href":"https:\/\/goiasemtempo.com.br\/home\/wp-json\/wp\/v2\/posts\/84062\/revisions"}],"predecessor-version":[{"id":84063,"href":"https:\/\/goiasemtempo.com.br\/home\/wp-json\/wp\/v2\/posts\/84062\/revisions\/84063"}],"wp:featuredmedia":[{"embeddable":true,"href":"https:\/\/goiasemtempo.com.br\/home\/wp-json\/wp\/v2\/media\/84061"}],"wp:attachment":[{"href":"https:\/\/goiasemtempo.com.br\/home\/wp-json\/wp\/v2\/media?parent=84062"}],"wp:term":[{"taxonomy":"category","embeddable":true,"href":"https:\/\/goiasemtempo.com.br\/home\/wp-json\/wp\/v2\/categories?post=84062"},{"taxonomy":"post_tag","embeddable":true,"href":"https:\/\/goiasemtempo.com.br\/home\/wp-json\/wp\/v2\/tags?post=84062"}],"curies":[{"name":"wp","href":"https:\/\/api.w.org\/{rel}","templated":true}]}}