{"id":84060,"date":"2026-09-01T16:57:30","date_gmt":"2026-09-01T16:57:30","guid":{"rendered":"https:\/\/goiasemtempo.com.br\/home\/?p=84060"},"modified":"2026-09-01T16:57:30","modified_gmt":"2026-09-01T16:57:30","slug":"anapolis-atinge-424647-habitantes-terceira-cidade-mais-populosa-goias","status":"publish","type":"post","link":"https:\/\/goiasemtempo.com.br\/home\/anapolis-atinge-424647-habitantes-terceira-cidade-mais-populosa-goias\/","title":{"rendered":"An\u00e1polis chega a 424.647 habitantes e se mant\u00e9m como terceira cidade mais populosa de Goi\u00e1s"},"content":{"rendered":"\n<p class=\"wp-block-paragraph\">An\u00e1polis atingiu a marca de 424.647 habitantes, conforme dados do Instituto Brasileiro de Geografia e Estat\u00edstica divulgados na \u00faltima sexta-feira. A cidade registrou crescimento de 4.347 pessoas em rela\u00e7\u00e3o ao ano anterior e superou a m\u00e9dia nacional, mantendo-se como a terceira mais populosa de Goi\u00e1s. Apesar do avan\u00e7o demogr\u00e1fico, indicadores apontam desafios em \u00e1reas como cobertura vacinal, tramita\u00e7\u00e3o de processos judiciais e vulnerabilidade social de parte da popula\u00e7\u00e3o.<\/p>\n\n\n\n<h2 class=\"wp-block-heading\">Crescimento populacional e contexto regional<\/h2>\n\n\n\n<p class=\"wp-block-paragraph\">O aumento demogr\u00e1fico reflete tend\u00eancias observadas em munic\u00edpios de m\u00e9dio porte no interior brasileiro. Dados compilados pelo Minist\u00e9rio do Desenvolvimento e Assist\u00eancia Social mostram que o \u00edndice de vulnerabilidade familiar em An\u00e1polis chegou a 0,241 entre cadastrados no Cad\u00danico. Esses n\u00fameros indicam que parcela dos residentes enfrenta dificuldades socioecon\u00f4micas que demandam aten\u00e7\u00e3o de pol\u00edticas p\u00fablicas continuadas.<\/p>\n\n\n\n<h2 class=\"wp-block-heading\">Desempenho em sa\u00fade e sistema judici\u00e1rio<\/h2>\n\n\n\n<p class=\"wp-block-paragraph\">O \u00cdndice de Progresso Social, cujos dados foram reunidos em maio, revelou cobertura vacinal abaixo da m\u00e9dia nacional para doze doen\u00e7as preven\u00edveis. No \u00e2mbito judicial, o Tribunal Regional do Trabalho da 18\u00aa Regi\u00e3o apresentou taxa de congestionamento de 46% segundo levantamento do Conselho Nacional de Justi\u00e7a de 2024. O Minist\u00e9rio da Sa\u00fade e \u00f3rg\u00e3os estaduais monitoram esses indicadores para orientar a\u00e7\u00f5es de melhoria.<\/p>\n","protected":false},"excerpt":{"rendered":"<p>An\u00e1polis atingiu a marca de 424.647 habitantes, conforme dados do Instituto Brasileiro de Geografia e Estat\u00edstica divulgados na \u00faltima sexta-feira. A cidade registrou crescimento de 4.347 pessoas em rela\u00e7\u00e3o ao ano anterior e superou a m\u00e9dia nacional, mantendo-se como a terceira mais populosa de Goi\u00e1s. Apesar do avan\u00e7o demogr\u00e1fico, indicadores apontam desafios em \u00e1reas como &hellip;<\/p>\n","protected":false},"author":5,"featured_media":84059,"comment_status":"closed","ping_status":"open","sticky":false,"template":"","format":"standard","meta":{"footnotes":""},"categories":[18,7,19,16,4],"tags":[4433,574,3360,4434,4438,4440,3283,3282,4436,1558],"class_list":["post-84060","post","type-post","status-publish","format-standard","has-post-thumbnail","hentry","category-anapolis","category-cidades","category-manchete","category-saude","category-ultimas-noticias","tag-424-647-habitantes","tag-anapolis-goias","tag-cobertura-vacinal","tag-crescimento-populacional","tag-demografia-goias","tag-desafios-sociais-anapolis","tag-ibge-anapolis","tag-populacao-anapolis","tag-terceira-cidade-goias","tag-vulnerabilidade-social"],"_links":{"self":[{"href":"https:\/\/goiasemtempo.com.br\/home\/wp-json\/wp\/v2\/posts\/84060","targetHints":{"allow":["GET"]}}],"collection":[{"href":"https:\/\/goiasemtempo.com.br\/home\/wp-json\/wp\/v2\/posts"}],"about":[{"href":"https:\/\/goiasemtempo.com.br\/home\/wp-json\/wp\/v2\/types\/post"}],"author":[{"embeddable":true,"href":"https:\/\/goiasemtempo.com.br\/home\/wp-json\/wp\/v2\/users\/5"}],"replies":[{"embeddable":true,"href":"https:\/\/goiasemtempo.com.br\/home\/wp-json\/wp\/v2\/comments?post=84060"}],"version-history":[{"count":1,"href":"https:\/\/goiasemtempo.com.br\/home\/wp-json\/wp\/v2\/posts\/84060\/revisions"}],"predecessor-version":[{"id":84064,"href":"https:\/\/goiasemtempo.com.br\/home\/wp-json\/wp\/v2\/posts\/84060\/revisions\/84064"}],"wp:featuredmedia":[{"embeddable":true,"href":"https:\/\/goiasemtempo.com.br\/home\/wp-json\/wp\/v2\/media\/84059"}],"wp:attachment":[{"href":"https:\/\/goiasemtempo.com.br\/home\/wp-json\/wp\/v2\/media?parent=84060"}],"wp:term":[{"taxonomy":"category","embeddable":true,"href":"https:\/\/goiasemtempo.com.br\/home\/wp-json\/wp\/v2\/categories?post=84060"},{"taxonomy":"post_tag","embeddable":true,"href":"https:\/\/goiasemtempo.com.br\/home\/wp-json\/wp\/v2\/tags?post=84060"}],"curies":[{"name":"wp","href":"https:\/\/api.w.org\/{rel}","templated":true}]}}