{"id":84058,"date":"2026-09-01T16:57:30","date_gmt":"2026-09-01T16:57:30","guid":{"rendered":"https:\/\/goiasemtempo.com.br\/home\/?p=84058"},"modified":"2026-09-01T16:57:30","modified_gmt":"2026-09-01T16:57:30","slug":"augusto-cury-nega-robos-gasta-r-50-mil-redes-sociais","status":"publish","type":"post","link":"https:\/\/goiasemtempo.com.br\/home\/augusto-cury-nega-robos-gasta-r-50-mil-redes-sociais\/","title":{"rendered":"Augusto Cury nega uso de rob\u00f4s e diz ter gasto R$ 50 mil em redes sociais"},"content":{"rendered":"\n<p class=\"wp-block-paragraph\">O candidato \u00e0 Presid\u00eancia da Rep\u00fablica pelo Avante, Augusto Cury, negou nesta segunda-feira, 31 de agosto de 2026, qualquer uso de rob\u00f4s ou contratos com influenciadores para inflar artificialmente seu engajamento nas redes sociais. Durante agenda no Sebrae em Curitiba, ele afirmou ter investido cerca de R$ 50 mil em suas plataformas digitais e atribuiu o crescimento recente ao desempenho no primeiro debate presidencial, al\u00e9m de registrar avan\u00e7o em pesquisa de inten\u00e7\u00e3o de voto. A declara\u00e7\u00e3o veio em resposta a suspeitas levantadas por partidos sobre o aumento de sua visibilidade online.<\/p>\n\n\n\n<h2 class=\"wp-block-heading\">Resposta a suspeitas de manipula\u00e7\u00e3o<\/h2>\n\n\n\n<p class=\"wp-block-paragraph\">Cury rejeitou as alega\u00e7\u00f5es de forma direta e desafiou os cr\u00edticos a investigarem. Ele destacou que o crescimento de sua candidatura ocorreu de maneira espont\u00e2nea e org\u00e2nica ap\u00f3s o debate. O candidato tamb\u00e9m mencionou o avan\u00e7o em sondagens eleitorais como reflexo do interesse genu\u00edno do p\u00fablico por suas propostas.<\/p>\n\n\n\n<blockquote class=\"is-layout-flow wp-block-quote-is-layout-flow\">\n\n<p class=\"wp-block-paragraph\">Eles que investiguem. N\u00f3s investimos em torno de R$ 50 mil. N\u00e3o tem hist\u00f3ria de rob\u00f4.<\/p>\n\n<cite>Augusto Cury<\/cite><\/blockquote>\n\n\n\n<h2 class=\"wp-block-heading\">Crescimento org\u00e2nico e vis\u00e3o para o pa\u00eds<\/h2>\n\n\n\n<p class=\"wp-block-paragraph\">Segundo Cury, o primeiro debate presidencial desencadeou uma \u201crevolu\u00e7\u00e3o totalmente silenciosa\u201d que elevou sua exposi\u00e7\u00e3o nas redes. Ele ressaltou a percep\u00e7\u00e3o de sinceridade nas propostas e o contato direto com eleitores, que demonstram apoio em eventos e contatos pessoais. O candidato enfatizou a necessidade de foco no Brasil a partir de 2027, independentemente do resultado eleitoral.<\/p>\n\n\n\n<blockquote class=\"is-layout-flow wp-block-quote-is-layout-flow\">\n\n<p class=\"wp-block-paragraph\">O que aconteceu foi uma revolu\u00e7\u00e3o totalmente silenciosa a partir do primeiro debate.<\/p>\n\n<cite>Augusto Cury<\/cite><\/blockquote>\n\n\n\n<p class=\"wp-block-paragraph\">Ele completou que n\u00e3o busca poder pelo cargo em si e que recebe o momento com humildade, priorizando a pacifica\u00e7\u00e3o nacional caso ven\u00e7a. Cury afirmou estar alegre, por\u00e9m preocupado com os desafios futuros do pa\u00eds.<\/p>\n","protected":false},"excerpt":{"rendered":"<p>O candidato \u00e0 Presid\u00eancia da Rep\u00fablica pelo Avante, Augusto Cury, negou nesta segunda-feira, 31 de agosto de 2026, qualquer uso de rob\u00f4s ou contratos com influenciadores para inflar artificialmente seu engajamento nas redes sociais. Durante agenda no Sebrae em Curitiba, ele afirmou ter investido cerca de R$ 50 mil em suas plataformas digitais e atribuiu &hellip;<\/p>\n","protected":false},"author":5,"featured_media":84057,"comment_status":"closed","ping_status":"open","sticky":false,"template":"","format":"standard","meta":{"footnotes":""},"categories":[30,19,2,67,4],"tags":[4432,4437,1112,4430,3939,4435,4439,1836,4400,4431],"class_list":["post-84058","post","type-post","status-publish","format-standard","has-post-thumbnail","hentry","category-eleicoes","category-manchete","category-politica","category-redes-sociais","category-ultimas-noticias","tag-10-milhoes-robos","tag-abuso-de-poder","tag-abuso-poder-politico","tag-augusto-cury","tag-campanha-presidencial","tag-eleitor","tag-intencao-de-voto","tag-redes-sociais","tag-reeleicao-presidencia","tag-uso-de-robos"],"_links":{"self":[{"href":"https:\/\/goiasemtempo.com.br\/home\/wp-json\/wp\/v2\/posts\/84058","targetHints":{"allow":["GET"]}}],"collection":[{"href":"https:\/\/goiasemtempo.com.br\/home\/wp-json\/wp\/v2\/posts"}],"about":[{"href":"https:\/\/goiasemtempo.com.br\/home\/wp-json\/wp\/v2\/types\/post"}],"author":[{"embeddable":true,"href":"https:\/\/goiasemtempo.com.br\/home\/wp-json\/wp\/v2\/users\/5"}],"replies":[{"embeddable":true,"href":"https:\/\/goiasemtempo.com.br\/home\/wp-json\/wp\/v2\/comments?post=84058"}],"version-history":[{"count":1,"href":"https:\/\/goiasemtempo.com.br\/home\/wp-json\/wp\/v2\/posts\/84058\/revisions"}],"predecessor-version":[{"id":84065,"href":"https:\/\/goiasemtempo.com.br\/home\/wp-json\/wp\/v2\/posts\/84058\/revisions\/84065"}],"wp:featuredmedia":[{"embeddable":true,"href":"https:\/\/goiasemtempo.com.br\/home\/wp-json\/wp\/v2\/media\/84057"}],"wp:attachment":[{"href":"https:\/\/goiasemtempo.com.br\/home\/wp-json\/wp\/v2\/media?parent=84058"}],"wp:term":[{"taxonomy":"category","embeddable":true,"href":"https:\/\/goiasemtempo.com.br\/home\/wp-json\/wp\/v2\/categories?post=84058"},{"taxonomy":"post_tag","embeddable":true,"href":"https:\/\/goiasemtempo.com.br\/home\/wp-json\/wp\/v2\/tags?post=84058"}],"curies":[{"name":"wp","href":"https:\/\/api.w.org\/{rel}","templated":true}]}}