{"id":84050,"date":"2026-09-01T02:19:06","date_gmt":"2026-09-01T02:19:06","guid":{"rendered":"https:\/\/goiasemtempo.com.br\/home\/?p=84050"},"modified":"2026-09-01T02:19:06","modified_gmt":"2026-09-01T02:19:06","slug":"levantamento-igape-record-news-brasilia-mede-a-preferencia-do-eleitorado-para-governador","status":"publish","type":"post","link":"https:\/\/goiasemtempo.com.br\/home\/levantamento-igape-record-news-brasilia-mede-a-preferencia-do-eleitorado-para-governador\/","title":{"rendered":"Levantamento Igape\/Record News Bras\u00edlia mede a prefer\u00eancia do eleitorado para governador"},"content":{"rendered":"<p data-path-to-node=\"47\">Os n\u00fameros oficiais da corrida governamental em Goi\u00e1s foram atualizados em pesquisa do Igape, divulgada pela Record News Bras\u00edlia. A sondagem aponta 37% das inten\u00e7\u00f5es de voto para Daniel Vilela (MDB). Logo em seguida, Marconi Perillo (PSDB) soma 28,4%, e Wilder Morais (PL) aparece com 14,3%. O candidato Luis Cesar Bueno (PT) foi citado por 3,9%. O levantamento revelou ainda que 15,9% dos goianos n\u00e3o definiram seu voto ou n\u00e3o quiseram opinar.<\/p>\n<p data-path-to-node=\"48\"><b data-path-to-node=\"48\" data-index-in-node=\"0\">Dados da Pesquisa:<\/b><\/p>\n<ul data-path-to-node=\"49\">\n<li>\n<p data-path-to-node=\"49,0,0\"><b data-path-to-node=\"49,0,0\" data-index-in-node=\"0\">Per\u00edodo:<\/b> 20 a 29 de agosto de 2026<\/p>\n<\/li>\n<li>\n<p data-path-to-node=\"49,1,0\"><b data-path-to-node=\"49,1,0\" data-index-in-node=\"0\">Amostragem:<\/b> 3.000 entrevistados (Goi\u00e2nia e interior de Goi\u00e1s)<\/p>\n<\/li>\n<li>\n<p data-path-to-node=\"49,2,0\"><b data-path-to-node=\"49,2,0\" data-index-in-node=\"0\">Registro no TSE:<\/b> GO-09302\/2026<\/p>\n<\/li>\n<\/ul>\n","protected":false},"excerpt":{"rendered":"<p>Os n\u00fameros oficiais da corrida governamental em Goi\u00e1s foram atualizados em pesquisa do Igape, divulgada pela Record News Bras\u00edlia. A sondagem aponta 37% das inten\u00e7\u00f5es de voto para Daniel Vilela (MDB). Logo em seguida, Marconi Perillo (PSDB) soma 28,4%, e Wilder Morais (PL) aparece com 14,3%. O candidato Luis Cesar Bueno (PT) foi citado por &hellip;<\/p>\n","protected":false},"author":3,"featured_media":84051,"comment_status":"closed","ping_status":"open","sticky":false,"template":"","format":"standard","meta":{"footnotes":""},"categories":[19,2,4],"tags":[],"class_list":["post-84050","post","type-post","status-publish","format-standard","has-post-thumbnail","hentry","category-manchete","category-politica","category-ultimas-noticias"],"_links":{"self":[{"href":"https:\/\/goiasemtempo.com.br\/home\/wp-json\/wp\/v2\/posts\/84050","targetHints":{"allow":["GET"]}}],"collection":[{"href":"https:\/\/goiasemtempo.com.br\/home\/wp-json\/wp\/v2\/posts"}],"about":[{"href":"https:\/\/goiasemtempo.com.br\/home\/wp-json\/wp\/v2\/types\/post"}],"author":[{"embeddable":true,"href":"https:\/\/goiasemtempo.com.br\/home\/wp-json\/wp\/v2\/users\/3"}],"replies":[{"embeddable":true,"href":"https:\/\/goiasemtempo.com.br\/home\/wp-json\/wp\/v2\/comments?post=84050"}],"version-history":[{"count":1,"href":"https:\/\/goiasemtempo.com.br\/home\/wp-json\/wp\/v2\/posts\/84050\/revisions"}],"predecessor-version":[{"id":84052,"href":"https:\/\/goiasemtempo.com.br\/home\/wp-json\/wp\/v2\/posts\/84050\/revisions\/84052"}],"wp:featuredmedia":[{"embeddable":true,"href":"https:\/\/goiasemtempo.com.br\/home\/wp-json\/wp\/v2\/media\/84051"}],"wp:attachment":[{"href":"https:\/\/goiasemtempo.com.br\/home\/wp-json\/wp\/v2\/media?parent=84050"}],"wp:term":[{"taxonomy":"category","embeddable":true,"href":"https:\/\/goiasemtempo.com.br\/home\/wp-json\/wp\/v2\/categories?post=84050"},{"taxonomy":"post_tag","embeddable":true,"href":"https:\/\/goiasemtempo.com.br\/home\/wp-json\/wp\/v2\/tags?post=84050"}],"curies":[{"name":"wp","href":"https:\/\/api.w.org\/{rel}","templated":true}]}}