{"id":84047,"date":"2026-08-31T18:46:21","date_gmt":"2026-08-31T18:46:21","guid":{"rendered":"https:\/\/goiasemtempo.com.br\/home\/?p=84047"},"modified":"2026-08-31T18:46:21","modified_gmt":"2026-08-31T18:46:21","slug":"marconi-promete-metro-brt-e-passagens-subsidiadas-para-cidades-do-entorno-do-df","status":"publish","type":"post","link":"https:\/\/goiasemtempo.com.br\/home\/marconi-promete-metro-brt-e-passagens-subsidiadas-para-cidades-do-entorno-do-df\/","title":{"rendered":"Marconi promete metr\u00f4, BRT e passagens subsidiadas para cidades do Entorno do DF"},"content":{"rendered":"<p>O candidato da coliga\u00e7\u00e3o \u201cGoi\u00e1s Pode Muito Mais\u201d classificou o transporte na regi\u00e3o como &#8220;prec\u00e1rio, desumano&#8221; e prometeu subsidiar as tarifas, implantar um BRT para Planaltina e construir um metr\u00f4 ligando Bras\u00edlia ao Entorno Sul, resolvendo o que &#8220;este governo prometeu fazer e n\u00e3o fez&#8221;.<\/p>\n<p>O debate, promovido por PUC TV, R\u00e1dio Difusora Goi\u00e2nia e Di\u00e1rio de Goi\u00e1s, tamb\u00e9m teve embate com Wilder Morais (PL) sobre a Goinfra. Marconi defendeu seu legado rodovi\u00e1rio (5 mil km constru\u00eddos, 6 mil km reconstru\u00eddos e 400 km duplicados), destacando a economia de R$ 1 bilh\u00e3o entre 2011 e 2018.<\/p>\n<p>Ele aproveitou para atacar duramente o atual governo pela cria\u00e7\u00e3o da &#8220;taxa do agro&#8221;, afirmando que o Executivo &#8220;mentiu descaradamente&#8221; aos produtores. Citou ainda a contrata\u00e7\u00e3o sem licita\u00e7\u00e3o do Ifag, em 23 de junho de 2025, bancada pela taxa, que culminou em manifesta\u00e7\u00e3o contr\u00e1ria do STF em outubro de 2025.<\/p>\n","protected":false},"excerpt":{"rendered":"<p>O candidato da coliga\u00e7\u00e3o \u201cGoi\u00e1s Pode Muito Mais\u201d classificou o transporte na regi\u00e3o como &#8220;prec\u00e1rio, desumano&#8221; e prometeu subsidiar as tarifas, implantar um BRT para Planaltina e construir um metr\u00f4 ligando Bras\u00edlia ao Entorno Sul, resolvendo o que &#8220;este governo prometeu fazer e n\u00e3o fez&#8221;. O debate, promovido por PUC TV, R\u00e1dio Difusora Goi\u00e2nia e &hellip;<\/p>\n","protected":false},"author":3,"featured_media":84048,"comment_status":"closed","ping_status":"open","sticky":false,"template":"","format":"standard","meta":{"footnotes":""},"categories":[15,19,2,4],"tags":[],"class_list":["post-84047","post","type-post","status-publish","format-standard","has-post-thumbnail","hentry","category-goias","category-manchete","category-politica","category-ultimas-noticias"],"_links":{"self":[{"href":"https:\/\/goiasemtempo.com.br\/home\/wp-json\/wp\/v2\/posts\/84047","targetHints":{"allow":["GET"]}}],"collection":[{"href":"https:\/\/goiasemtempo.com.br\/home\/wp-json\/wp\/v2\/posts"}],"about":[{"href":"https:\/\/goiasemtempo.com.br\/home\/wp-json\/wp\/v2\/types\/post"}],"author":[{"embeddable":true,"href":"https:\/\/goiasemtempo.com.br\/home\/wp-json\/wp\/v2\/users\/3"}],"replies":[{"embeddable":true,"href":"https:\/\/goiasemtempo.com.br\/home\/wp-json\/wp\/v2\/comments?post=84047"}],"version-history":[{"count":1,"href":"https:\/\/goiasemtempo.com.br\/home\/wp-json\/wp\/v2\/posts\/84047\/revisions"}],"predecessor-version":[{"id":84049,"href":"https:\/\/goiasemtempo.com.br\/home\/wp-json\/wp\/v2\/posts\/84047\/revisions\/84049"}],"wp:featuredmedia":[{"embeddable":true,"href":"https:\/\/goiasemtempo.com.br\/home\/wp-json\/wp\/v2\/media\/84048"}],"wp:attachment":[{"href":"https:\/\/goiasemtempo.com.br\/home\/wp-json\/wp\/v2\/media?parent=84047"}],"wp:term":[{"taxonomy":"category","embeddable":true,"href":"https:\/\/goiasemtempo.com.br\/home\/wp-json\/wp\/v2\/categories?post=84047"},{"taxonomy":"post_tag","embeddable":true,"href":"https:\/\/goiasemtempo.com.br\/home\/wp-json\/wp\/v2\/tags?post=84047"}],"curies":[{"name":"wp","href":"https:\/\/api.w.org\/{rel}","templated":true}]}}