{"id":84026,"date":"2026-08-31T18:44:20","date_gmt":"2026-08-31T18:44:20","guid":{"rendered":"https:\/\/goiasemtempo.com.br\/home\/?p=84026"},"modified":"2026-08-31T18:44:20","modified_gmt":"2026-08-31T18:44:20","slug":"inscricoes-som-de-goias-encerram-hoje-mentorias-shows-gravacao-estudio","status":"publish","type":"post","link":"https:\/\/goiasemtempo.com.br\/home\/inscricoes-som-de-goias-encerram-hoje-mentorias-shows-gravacao-estudio\/","title":{"rendered":"Inscri\u00e7\u00f5es para o SOM de Goi\u00e1s encerram hoje com mentorias, shows e grava\u00e7\u00e3o em est\u00fadio"},"content":{"rendered":"\n<p class=\"wp-block-paragraph\">As inscri\u00e7\u00f5es gratuitas para a plataforma SOM de Goi\u00e1s se encerram nesta segunda-feira, 31 de agosto de 2026. M\u00fasicos e bandas independentes do estado podem se candidatar at\u00e9 o fim do dia para participar de mentorias virtuais, shows no Shiva Alt-Bar e grava\u00e7\u00e3o em est\u00fadio. A iniciativa seleciona dez grupos para apresenta\u00e7\u00f5es e uma banda ou artista para o trabalho em est\u00fadio, al\u00e9m de promover conex\u00f5es com casas de shows.<\/p>\n\n\n\n<h2 class=\"wp-block-heading\">Oportunidades oferecidas pelo programa<\/h2>\n\n\n\n<p class=\"wp-block-paragraph\">Por meio de inscri\u00e7\u00f5es na plataforma, o SOM de Goi\u00e1s busca promover a m\u00fasica independente no estado, oferecer forma\u00e7\u00e3o profissional e ampliar oportunidades de apresenta\u00e7\u00e3o e circula\u00e7\u00e3o para artistas locais. As atividades incluem mentorias virtuais e articula\u00e7\u00f5es com palcos permanentes, com foco em Goi\u00e2nia e outras cidades de Goi\u00e1s. Vagner Jr., vocalista do grupo Navalha, integra o grupo de participantes que podem se beneficiar das conex\u00f5es criadas pelo projeto.<\/p>\n\n\n\n<h2 class=\"wp-block-heading\">Import\u00e2ncia para o cen\u00e1rio musical goiano<\/h2>\n\n\n\n<p class=\"wp-block-paragraph\">A a\u00e7\u00e3o conta com a articula\u00e7\u00e3o de Vitor Cadillac, que destaca o momento atual da cena independente. L\u00f4 Bento, artista inscrita, ressalta o valor da forma\u00e7\u00e3o para quem atua no mercado. Ana Canedo, gestora do programa ATAC Musical, enfatiza o objetivo de colocar a m\u00fasica goiana em evid\u00eancia nacional.<\/p>\n\n\n\n<blockquote class=\"is-layout-flow wp-block-quote-is-layout-flow\">\n\n<p class=\"wp-block-paragraph\">Goi\u00e1s, por ser um celeiro hist\u00f3rico da m\u00fasica independente, n\u00e3o poderia ficar de fora.<\/p>\n\n<cite>Vitor Cadillac<\/cite><\/blockquote>\n\n\n\n<blockquote class=\"is-layout-flow wp-block-quote-is-layout-flow\">\n\n<p class=\"wp-block-paragraph\">A volta do Festival Bananada, a continuidade her\u00f3ica do Vaca Amarela e o crescimento do Noise d\u00e3o as pistas de que o momento \u00e9 agora.<\/p>\n\n<cite>Vitor Cadillac<\/cite><\/blockquote>\n\n\n\n<blockquote class=\"is-layout-flow wp-block-quote-is-layout-flow\">\n\n<p class=\"wp-block-paragraph\">Um artista que n\u00e3o entende o mercado n\u00e3o conseguir\u00e1 se virar. A oportunidade do SOM de Goi\u00e1s traz essa forma\u00e7\u00e3o profissional, permitindo que artistas possam conquistar cada vez mais dentro da m\u00fasica.<\/p>\n\n<cite>L\u00f4 Bento<\/cite><\/blockquote>\n\n\n\n<blockquote class=\"is-layout-flow wp-block-quote-is-layout-flow\">\n\n<p class=\"wp-block-paragraph\">Queremos aprofundar nossos la\u00e7os de articula\u00e7\u00e3o com casas de shows do Brasil, que s\u00e3o palcos permanentes. Queremos colocar a m\u00fasica goiana em destaque.<\/p>\n\n<cite>Ana Canedo<\/cite><\/blockquote>\n","protected":false},"excerpt":{"rendered":"<p>As inscri\u00e7\u00f5es gratuitas para a plataforma SOM de Goi\u00e1s se encerram nesta segunda-feira, 31 de agosto de 2026. M\u00fasicos e bandas independentes do estado podem se candidatar at\u00e9 o fim do dia para participar de mentorias virtuais, shows no Shiva Alt-Bar e grava\u00e7\u00e3o em est\u00fadio. A iniciativa seleciona dez grupos para apresenta\u00e7\u00f5es e uma banda &hellip;<\/p>\n","protected":false},"author":5,"featured_media":84025,"comment_status":"closed","ping_status":"open","sticky":false,"template":"","format":"standard","meta":{"footnotes":""},"categories":[32,15,19,66,4],"tags":[4362,4417,4415,4419,4412,4413,4416,4418,4414,4411],"class_list":["post-84026","post","type-post","status-publish","format-standard","has-post-thumbnail","hentry","category-cultura","category-goias","category-manchete","category-musica","category-ultimas-noticias","tag-2026-goias","tag-bandas-goias","tag-gravacao-em-estudio","tag-iniciativa-musical","tag-inscricoes-som-goias","tag-mentorias-musicais","tag-musicos-independentes","tag-plataforma-musical","tag-shows-shiva-alt-bar","tag-som-de-goias"],"_links":{"self":[{"href":"https:\/\/goiasemtempo.com.br\/home\/wp-json\/wp\/v2\/posts\/84026","targetHints":{"allow":["GET"]}}],"collection":[{"href":"https:\/\/goiasemtempo.com.br\/home\/wp-json\/wp\/v2\/posts"}],"about":[{"href":"https:\/\/goiasemtempo.com.br\/home\/wp-json\/wp\/v2\/types\/post"}],"author":[{"embeddable":true,"href":"https:\/\/goiasemtempo.com.br\/home\/wp-json\/wp\/v2\/users\/5"}],"replies":[{"embeddable":true,"href":"https:\/\/goiasemtempo.com.br\/home\/wp-json\/wp\/v2\/comments?post=84026"}],"version-history":[{"count":1,"href":"https:\/\/goiasemtempo.com.br\/home\/wp-json\/wp\/v2\/posts\/84026\/revisions"}],"predecessor-version":[{"id":84036,"href":"https:\/\/goiasemtempo.com.br\/home\/wp-json\/wp\/v2\/posts\/84026\/revisions\/84036"}],"wp:featuredmedia":[{"embeddable":true,"href":"https:\/\/goiasemtempo.com.br\/home\/wp-json\/wp\/v2\/media\/84025"}],"wp:attachment":[{"href":"https:\/\/goiasemtempo.com.br\/home\/wp-json\/wp\/v2\/media?parent=84026"}],"wp:term":[{"taxonomy":"category","embeddable":true,"href":"https:\/\/goiasemtempo.com.br\/home\/wp-json\/wp\/v2\/categories?post=84026"},{"taxonomy":"post_tag","embeddable":true,"href":"https:\/\/goiasemtempo.com.br\/home\/wp-json\/wp\/v2\/tags?post=84026"}],"curies":[{"name":"wp","href":"https:\/\/api.w.org\/{rel}","templated":true}]}}