{"id":84016,"date":"2026-08-30T18:43:05","date_gmt":"2026-08-30T18:43:05","guid":{"rendered":"https:\/\/goiasemtempo.com.br\/home\/?p=84016"},"modified":"2026-08-31T18:43:23","modified_gmt":"2026-08-31T18:43:23","slug":"ze-felipe-fica-tonto-e-perde-visao-ao-reencontrar-ana-castela-em-barretos","status":"publish","type":"post","link":"https:\/\/goiasemtempo.com.br\/home\/ze-felipe-fica-tonto-e-perde-visao-ao-reencontrar-ana-castela-em-barretos\/","title":{"rendered":"Z\u00e9 Felipe fica tonto e perde a vis\u00e3o ao reencontrar Ana Castela em Barretos"},"content":{"rendered":"\n<p class=\"wp-block-paragraph\">Z\u00e9 Felipe revelou ter vivido um momento inusitado ao encontrar Ana Castela durante o Festival do Pe\u00e3o de Barretos, no interior de S\u00e3o Paulo. O cantor relatou que, em meio a uma conversa com a ex-namorada, sentiu-se tonto e teve dificuldade para enxerg\u00e1-la com clareza. O epis\u00f3dio ocorreu em um dos dias do evento e foi contado de forma bem-humorada pelo artista.<\/p>\n\n\n\n<h2 class=\"wp-block-heading\">Detalhes do encontro no festival<\/h2>\n\n\n\n<p class=\"wp-block-paragraph\">O sertanejo descreveu que a tontura surgiu de repente enquanto ele tentava manter a conversa. Segundo ele, a sensa\u00e7\u00e3o impossibilitou uma vis\u00e3o n\u00edtida da cantora, gerando desconforto tempor\u00e1rio. O relato destaca o clima descontra\u00eddo do festival, mas tamb\u00e9m mostra como imprevistos f\u00edsicos podem surgir em meio \u00e0 agita\u00e7\u00e3o do evento.<\/p>\n\n\n\n<h2 class=\"wp-block-heading\">Como z\u00e9 felipe narrou o fato<\/h2>\n\n\n\n<p class=\"wp-block-paragraph\">O cantor optou por compartilhar o epis\u00f3dio com leveza, sem aprofundar causas m\u00e9dicas ou maiores consequ\u00eancias. A narrativa ressalta apenas a dificuldade visual moment\u00e2nea e o contexto do reencontro, mantendo o tom informal caracter\u00edstico de suas apari\u00e7\u00f5es p\u00fablicas. O festival, conhecido por reunir grandes nomes do sertanejo, serviu de cen\u00e1rio para essa intera\u00e7\u00e3o breve.<\/p>\n\n\n\n<h2 class=\"wp-block-heading\">Impacto do coment\u00e1rio entre f\u00e3s<\/h2>\n\n\n\n<p class=\"wp-block-paragraph\">A declara\u00e7\u00e3o de Z\u00e9 Felipe circulou rapidamente entre seguidores, que comentaram o epis\u00f3dio com curiosidade. Apesar da simplicidade do relato, o momento refor\u00e7a a visibilidade do Festival do Pe\u00e3o de Barretos como espa\u00e7o de conviv\u00eancia entre artistas. At\u00e9 o momento, n\u00e3o h\u00e1 informa\u00e7\u00f5es adicionais sobre desdobramentos do caso.<\/p>\n\n\n\n<blockquote class=\"is-layout-flow wp-block-quote-is-layout-flow\">\n\n<p class=\"wp-block-paragraph\">Eu estava t\u00e3o tonto que n\u00e3o conseguia enxergar direito<\/p>\n\n<cite>Z\u00e9 Felipe<\/cite><\/blockquote>\n","protected":false},"excerpt":{"rendered":"<p>Z\u00e9 Felipe revelou ter vivido um momento inusitado ao encontrar Ana Castela durante o Festival do Pe\u00e3o de Barretos, no interior de S\u00e3o Paulo. O cantor relatou que, em meio a uma conversa com a ex-namorada, sentiu-se tonto e teve dificuldade para enxerg\u00e1-la com clareza. O epis\u00f3dio ocorreu em um dos dias do evento e &hellip;<\/p>\n","protected":false},"author":5,"featured_media":84015,"comment_status":"closed","ping_status":"open","sticky":false,"template":"","format":"standard","meta":{"footnotes":""},"categories":[472,19,66,4],"tags":[713,4372,4375,4371,4376,4377,4373,4378,4374,4346],"class_list":["post-84016","post","type-post","status-publish","format-standard","has-post-thumbnail","hentry","category-famosos","category-manchete","category-musica","category-ultimas-noticias","tag-ana-castela","tag-emocao-ana-castela","tag-ex-namorados-sertanejos","tag-festival-barretos","tag-festival-peao-barretos","tag-humor-ze-felipe","tag-reencontro-ana-castela","tag-sertanejo-brasil","tag-tontura-ze-felipe","tag-ze-felipe"],"_links":{"self":[{"href":"https:\/\/goiasemtempo.com.br\/home\/wp-json\/wp\/v2\/posts\/84016","targetHints":{"allow":["GET"]}}],"collection":[{"href":"https:\/\/goiasemtempo.com.br\/home\/wp-json\/wp\/v2\/posts"}],"about":[{"href":"https:\/\/goiasemtempo.com.br\/home\/wp-json\/wp\/v2\/types\/post"}],"author":[{"embeddable":true,"href":"https:\/\/goiasemtempo.com.br\/home\/wp-json\/wp\/v2\/users\/5"}],"replies":[{"embeddable":true,"href":"https:\/\/goiasemtempo.com.br\/home\/wp-json\/wp\/v2\/comments?post=84016"}],"version-history":[{"count":1,"href":"https:\/\/goiasemtempo.com.br\/home\/wp-json\/wp\/v2\/posts\/84016\/revisions"}],"predecessor-version":[{"id":84042,"href":"https:\/\/goiasemtempo.com.br\/home\/wp-json\/wp\/v2\/posts\/84016\/revisions\/84042"}],"wp:featuredmedia":[{"embeddable":true,"href":"https:\/\/goiasemtempo.com.br\/home\/wp-json\/wp\/v2\/media\/84015"}],"wp:attachment":[{"href":"https:\/\/goiasemtempo.com.br\/home\/wp-json\/wp\/v2\/media?parent=84016"}],"wp:term":[{"taxonomy":"category","embeddable":true,"href":"https:\/\/goiasemtempo.com.br\/home\/wp-json\/wp\/v2\/categories?post=84016"},{"taxonomy":"post_tag","embeddable":true,"href":"https:\/\/goiasemtempo.com.br\/home\/wp-json\/wp\/v2\/tags?post=84016"}],"curies":[{"name":"wp","href":"https:\/\/api.w.org\/{rel}","templated":true}]}}