{"id":84014,"date":"2026-08-30T18:43:06","date_gmt":"2026-08-30T18:43:06","guid":{"rendered":"https:\/\/goiasemtempo.com.br\/home\/?p=84014"},"modified":"2026-08-31T18:43:27","modified_gmt":"2026-08-31T18:43:27","slug":"circuito-anapolino-interdita-vila-jaiara-30-agosto-2026","status":"publish","type":"post","link":"https:\/\/goiasemtempo.com.br\/home\/circuito-anapolino-interdita-vila-jaiara-30-agosto-2026\/","title":{"rendered":"Circuito Anapolino interdita Vila Jaiara neste domingo a partir das 4h"},"content":{"rendered":"\n<p class=\"wp-block-paragraph\">A quarta etapa do 15\u00ba Circuito Anapolino de Corrida de Rua provoca mudan\u00e7as no tr\u00e2nsito na Vila Jaiara, em An\u00e1polis, neste domingo, 30 de agosto de 2026. Os bloqueios e desvios come\u00e7am \u00e0s 4h e se estendem at\u00e9 as 10h, com largada prevista para as 7h no trecho entre a Avenida Fernando Costa e a Avenida Presidente Kennedy. Motoristas que circularem pela regi\u00e3o devem planejar rotas alternativas para evitar atrasos durante o evento.<\/p>\n\n\n\n<h2 class=\"wp-block-heading\">Bloqueios e hor\u00e1rios da prova<\/h2>\n\n\n\n<p class=\"wp-block-paragraph\">Os organizadores preveem interdi\u00e7\u00f5es totais e parciais em diversas ruas e avenidas da Vila Jaiara para garantir a seguran\u00e7a dos participantes. As vias afetadas incluem pontos estrat\u00e9gicos do percurso, com sinaliza\u00e7\u00e3o de rotas alternativas j\u00e1 instalada pelas autoridades de tr\u00e2nsito. A normaliza\u00e7\u00e3o do fluxo deve ocorrer at\u00e9 as 10h, permitindo que os motoristas retomem seus trajetos habituais sem maiores restri\u00e7\u00f5es.<\/p>\n\n\n\n<h2 class=\"wp-block-heading\">Recomenda\u00e7\u00f5es para motoristas<\/h2>\n\n\n\n<p class=\"wp-block-paragraph\">Os condutores que precisam atravessar a regi\u00e3o s\u00e3o orientados a consultar mapas atualizados e evitar hor\u00e1rios de pico da prova. A presen\u00e7a de participantes exige aten\u00e7\u00e3o redobrada nas proximidades das vias interditadas. As medidas visam conciliar a realiza\u00e7\u00e3o da corrida com a mobilidade urbana, minimizando impactos para quem n\u00e3o participa do evento.<\/p>\n\n\n\n<h2 class=\"wp-block-heading\">Benef\u00edcios da corrida para a comunidade<\/h2>\n\n\n\n<p class=\"wp-block-paragraph\">O circuito promove a pr\u00e1tica de atividades f\u00edsicas e re\u00fane atletas locais em An\u00e1polis. A quarta etapa refor\u00e7a o compromisso da cidade com eventos esportivos que movimentam a economia regional e incentivam h\u00e1bitos saud\u00e1veis entre a popula\u00e7\u00e3o. Motoristas e corredores devem seguir as orienta\u00e7\u00f5es para que a etapa transcorra sem incidentes.<\/p>\n","protected":false},"excerpt":{"rendered":"<p>A quarta etapa do 15\u00ba Circuito Anapolino de Corrida de Rua provoca mudan\u00e7as no tr\u00e2nsito na Vila Jaiara, em An\u00e1polis, neste domingo, 30 de agosto de 2026. Os bloqueios e desvios come\u00e7am \u00e0s 4h e se estendem at\u00e9 as 10h, com largada prevista para as 7h no trecho entre a Avenida Fernando Costa e a &hellip;<\/p>\n","protected":false},"author":5,"featured_media":84013,"comment_status":"closed","ping_status":"open","sticky":false,"template":"","format":"standard","meta":{"footnotes":""},"categories":[18,9,19,346,4],"tags":[4369,4370,4365,4363,2883,4366,4367,4364,4368,4027],"class_list":["post-84014","post","type-post","status-publish","format-standard","has-post-thumbnail","hentry","category-anapolis","category-esporte","category-manchete","category-transito","category-ultimas-noticias","tag-avenida-fernando-costa","tag-avenida-presidente-kennedy","tag-bloqueio-vias-anapolis","tag-circuito-anapolino-de-corrida-de-rua","tag-corrida-de-rua-anapolis","tag-desvios-transito","tag-evento-domingo-anapolis","tag-interdicao-transito","tag-largada-7h","tag-vila-jaiara"],"_links":{"self":[{"href":"https:\/\/goiasemtempo.com.br\/home\/wp-json\/wp\/v2\/posts\/84014","targetHints":{"allow":["GET"]}}],"collection":[{"href":"https:\/\/goiasemtempo.com.br\/home\/wp-json\/wp\/v2\/posts"}],"about":[{"href":"https:\/\/goiasemtempo.com.br\/home\/wp-json\/wp\/v2\/types\/post"}],"author":[{"embeddable":true,"href":"https:\/\/goiasemtempo.com.br\/home\/wp-json\/wp\/v2\/users\/5"}],"replies":[{"embeddable":true,"href":"https:\/\/goiasemtempo.com.br\/home\/wp-json\/wp\/v2\/comments?post=84014"}],"version-history":[{"count":1,"href":"https:\/\/goiasemtempo.com.br\/home\/wp-json\/wp\/v2\/posts\/84014\/revisions"}],"predecessor-version":[{"id":84043,"href":"https:\/\/goiasemtempo.com.br\/home\/wp-json\/wp\/v2\/posts\/84014\/revisions\/84043"}],"wp:featuredmedia":[{"embeddable":true,"href":"https:\/\/goiasemtempo.com.br\/home\/wp-json\/wp\/v2\/media\/84013"}],"wp:attachment":[{"href":"https:\/\/goiasemtempo.com.br\/home\/wp-json\/wp\/v2\/media?parent=84014"}],"wp:term":[{"taxonomy":"category","embeddable":true,"href":"https:\/\/goiasemtempo.com.br\/home\/wp-json\/wp\/v2\/categories?post=84014"},{"taxonomy":"post_tag","embeddable":true,"href":"https:\/\/goiasemtempo.com.br\/home\/wp-json\/wp\/v2\/tags?post=84014"}],"curies":[{"name":"wp","href":"https:\/\/api.w.org\/{rel}","templated":true}]}}