{"id":84012,"date":"2026-08-30T18:43:07","date_gmt":"2026-08-30T18:43:07","guid":{"rendered":"https:\/\/goiasemtempo.com.br\/home\/?p=84012"},"modified":"2026-08-31T18:43:31","modified_gmt":"2026-08-31T18:43:31","slug":"dia-c-goias-2026-jardim-botanico-goiania","status":"publish","type":"post","link":"https:\/\/goiasemtempo.com.br\/home\/dia-c-goias-2026-jardim-botanico-goiania\/","title":{"rendered":"5 mil goianienses participam do Dia C Goi\u00e1s 2026 no Jardim Bot\u00e2nico"},"content":{"rendered":"\n<p class=\"wp-block-paragraph\">Cerca de cinco mil moradores de Goi\u00e2nia participaram das a\u00e7\u00f5es sociais do Dia C Goi\u00e1s 2026 \u2013 Dia de Cooperar, realizadas no Jardim Bot\u00e2nico da capital no s\u00e1bado, 29 de agosto de 2026. O evento, organizado pelo Sistema OCB\/GO em parceria com 29 cooperativas, ofereceu servi\u00e7os gratuitos de sa\u00fade, atividades educativas, a\u00e7\u00f5es de sustentabilidade e lazer para a comunidade durante toda a manh\u00e3. A iniciativa integra o calend\u00e1rio oficial do Dia de Cooperar, conforme a Lei 11.699\/2008, e busca aproximar as cooperativas da popula\u00e7\u00e3o local.<\/p>\n\n\n\n<h2 class=\"wp-block-heading\">Programa\u00e7\u00e3o ofereceu servi\u00e7os e lazer para todos<\/h2>\n\n\n\n<p class=\"wp-block-paragraph\">A programa\u00e7\u00e3o incluiu atendimentos de sa\u00fade gratuitos, palestras educativas, atividades recreativas para crian\u00e7as e a\u00e7\u00f5es ambientais voltadas \u00e0 sustentabilidade. Os participantes puderam aproveitar momentos de cultura e lazer em um ambiente aberto, com op\u00e7\u00f5es que atra\u00edram crian\u00e7as, adultos e idosos. O Sistema OCB\/GO coordenou a participa\u00e7\u00e3o das cooperativas para garantir uma estrutura organizada e acess\u00edvel a todos os presentes.<\/p>\n\n\n\n<h2 class=\"wp-block-heading\">Evento refor\u00e7a solidariedade e responsabilidade social<\/h2>\n\n\n\n<p class=\"wp-block-paragraph\">O Dia C Goi\u00e1s 2026 teve como objetivo principal promover a solidariedade, a ajuda m\u00fatua e a responsabilidade social entre as cooperativas e a comunidade. Ao reunir milhares de pessoas em um \u00fanico local, a a\u00e7\u00e3o demonstrou o compromisso das entidades com o bem-estar coletivo e o fortalecimento de la\u00e7os sociais. A presen\u00e7a massiva do p\u00fablico refor\u00e7ou o papel das cooperativas como agentes de transforma\u00e7\u00e3o positiva na regi\u00e3o.<\/p>\n\n\n\n<blockquote class=\"is-layout-flow wp-block-quote-is-layout-flow\">\n\n<p class=\"wp-block-paragraph\">Essa \u00e9 uma festa concebida para aproximar as cooperativas da comunidade. Crian\u00e7as, adultos e idosos comparecem e cada um aproveita \u00e0 sua maneira, em um clima de paz e de coopera\u00e7\u00e3o.<\/p>\n\n<cite>Lu\u00eds Alberto Pereira<\/cite><\/blockquote>\n","protected":false},"excerpt":{"rendered":"<p>Cerca de cinco mil moradores de Goi\u00e2nia participaram das a\u00e7\u00f5es sociais do Dia C Goi\u00e1s 2026 \u2013 Dia de Cooperar, realizadas no Jardim Bot\u00e2nico da capital no s\u00e1bado, 29 de agosto de 2026. O evento, organizado pelo Sistema OCB\/GO em parceria com 29 cooperativas, ofereceu servi\u00e7os gratuitos de sa\u00fade, atividades educativas, a\u00e7\u00f5es de sustentabilidade e &hellip;<\/p>\n","protected":false},"author":5,"featured_media":84011,"comment_status":"closed","ping_status":"open","sticky":false,"template":"","format":"standard","meta":{"footnotes":""},"categories":[443,19,16,65,4],"tags":[4362,1530,4357,4354,4355,4361,4356,4359,4358,4360],"class_list":["post-84012","post","type-post","status-publish","format-standard","has-post-thumbnail","hentry","category-comunidade","category-manchete","category-saude","category-solidariedade","category-ultimas-noticias","tag-2026-goias","tag-acao-social-goias","tag-cooperativas-goias","tag-dia-c-goias","tag-dia-de-cooperar","tag-eventos-goiania","tag-jardim-botanico-goiania","tag-servicos-gratuitos-goias","tag-sistema-ocb-go","tag-sustentabilidade-goias"],"_links":{"self":[{"href":"https:\/\/goiasemtempo.com.br\/home\/wp-json\/wp\/v2\/posts\/84012","targetHints":{"allow":["GET"]}}],"collection":[{"href":"https:\/\/goiasemtempo.com.br\/home\/wp-json\/wp\/v2\/posts"}],"about":[{"href":"https:\/\/goiasemtempo.com.br\/home\/wp-json\/wp\/v2\/types\/post"}],"author":[{"embeddable":true,"href":"https:\/\/goiasemtempo.com.br\/home\/wp-json\/wp\/v2\/users\/5"}],"replies":[{"embeddable":true,"href":"https:\/\/goiasemtempo.com.br\/home\/wp-json\/wp\/v2\/comments?post=84012"}],"version-history":[{"count":1,"href":"https:\/\/goiasemtempo.com.br\/home\/wp-json\/wp\/v2\/posts\/84012\/revisions"}],"predecessor-version":[{"id":84044,"href":"https:\/\/goiasemtempo.com.br\/home\/wp-json\/wp\/v2\/posts\/84012\/revisions\/84044"}],"wp:featuredmedia":[{"embeddable":true,"href":"https:\/\/goiasemtempo.com.br\/home\/wp-json\/wp\/v2\/media\/84011"}],"wp:attachment":[{"href":"https:\/\/goiasemtempo.com.br\/home\/wp-json\/wp\/v2\/media?parent=84012"}],"wp:term":[{"taxonomy":"category","embeddable":true,"href":"https:\/\/goiasemtempo.com.br\/home\/wp-json\/wp\/v2\/categories?post=84012"},{"taxonomy":"post_tag","embeddable":true,"href":"https:\/\/goiasemtempo.com.br\/home\/wp-json\/wp\/v2\/tags?post=84012"}],"curies":[{"name":"wp","href":"https:\/\/api.w.org\/{rel}","templated":true}]}}