{"id":84010,"date":"2026-08-30T18:43:08","date_gmt":"2026-08-30T18:43:08","guid":{"rendered":"https:\/\/goiasemtempo.com.br\/home\/?p=84010"},"modified":"2026-08-31T18:43:40","modified_gmt":"2026-08-31T18:43:40","slug":"ze-felipe-interrompe-show-barretos-foto-virginia-fonseca-vini-jr","status":"publish","type":"post","link":"https:\/\/goiasemtempo.com.br\/home\/ze-felipe-interrompe-show-barretos-foto-virginia-fonseca-vini-jr\/","title":{"rendered":"Z\u00e9 Felipe interrompe show em Barretos ap\u00f3s f\u00e3 exibir foto de Virginia Fonseca com Vini Jr"},"content":{"rendered":"\n<p class=\"wp-block-paragraph\">Z\u00e9 Felipe protagonizou um momento inusitado durante sua apresenta\u00e7\u00e3o na Festa do Pe\u00e3o de Barretos, em S\u00e3o Paulo, na noite de 27 de agosto de 2026. O cantor percebeu que um f\u00e3 da plateia exibia uma foto de Virginia Fonseca, sua ex-esposa, ao lado de Vini Jr. A provoca\u00e7\u00e3o gerou irrita\u00e7\u00e3o vis\u00edvel no artista, que reagiu de forma direta antes de retomar o show sem maiores interrup\u00e7\u00f5es.<\/p>\n\n\n\n<p class=\"wp-block-paragraph\">O incidente aconteceu no meio da performance, quando o cantor identificou a imagem sendo mostrada ao p\u00fablico. Ele interrompeu brevemente a m\u00fasica para chamar a aten\u00e7\u00e3o do f\u00e3 e prosseguiu com a apresenta\u00e7\u00e3o de maneira normal ap\u00f3s o coment\u00e1rio.<\/p>\n\n\n\n<h2 class=\"wp-block-heading\">O momento da provoca\u00e7\u00e3o<\/h2>\n\n\n\n<p class=\"wp-block-paragraph\">O f\u00e3 utilizou a foto para provocar Z\u00e9 Felipe durante o evento. O cantor notou a a\u00e7\u00e3o rapidamente e expressou sua irrita\u00e7\u00e3o em tom leve, mantendo o clima descontra\u00eddo com o restante da plateia.<\/p>\n\n\n\n<h2 class=\"wp-block-heading\">Rea\u00e7\u00e3o do artista no palco<\/h2>\n\n\n\n<blockquote class=\"is-layout-flow wp-block-quote-is-layout-flow\">\n\n<p class=\"wp-block-paragraph\">Voc\u00ea a\u00ed, meu brother, cad\u00ea? Tava mostrando a foto\u2026<\/p>\n\n<cite>Z\u00e9 Felipe<\/cite><\/blockquote>\n\n\n<p>Ap\u00f3s o coment\u00e1rio, Z\u00e9 Felipe seguiu com o repert\u00f3rio normalmente. O p\u00fablico acompanhou o epis\u00f3dio sem que houvesse altera\u00e7\u00e3o significativa no andamento do show. O epis\u00f3dio reflete a visibilidade do relacionamento anterior do cantor com Virginia Fonseca.","protected":false},"excerpt":{"rendered":"<p>Z\u00e9 Felipe protagonizou um momento inusitado durante sua apresenta\u00e7\u00e3o na Festa do Pe\u00e3o de Barretos, em S\u00e3o Paulo, na noite de 27 de agosto de 2026. O cantor percebeu que um f\u00e3 da plateia exibia uma foto de Virginia Fonseca, sua ex-esposa, ao lado de Vini Jr. A provoca\u00e7\u00e3o gerou irrita\u00e7\u00e3o vis\u00edvel no artista, que &hellip;<\/p>\n","protected":false},"author":5,"featured_media":84009,"comment_status":"closed","ping_status":"open","sticky":false,"template":"","format":"standard","meta":{"footnotes":""},"categories":[472,19,66,533,4],"tags":[4349,4350,4347,4352,4351,4348,2264,2420,4346],"class_list":["post-84010","post","type-post","status-publish","format-standard","has-post-thumbnail","hentry","category-famosos","category-manchete","category-musica","category-polemica","category-ultimas-noticias","tag-cantor-sertanejo","tag-ex-esposa","tag-festa-do-peao-de-barretos","tag-festa-peao","tag-provocacao-fa","tag-show-barretos","tag-vini-jr","tag-virginia-fonseca","tag-ze-felipe"],"_links":{"self":[{"href":"https:\/\/goiasemtempo.com.br\/home\/wp-json\/wp\/v2\/posts\/84010","targetHints":{"allow":["GET"]}}],"collection":[{"href":"https:\/\/goiasemtempo.com.br\/home\/wp-json\/wp\/v2\/posts"}],"about":[{"href":"https:\/\/goiasemtempo.com.br\/home\/wp-json\/wp\/v2\/types\/post"}],"author":[{"embeddable":true,"href":"https:\/\/goiasemtempo.com.br\/home\/wp-json\/wp\/v2\/users\/5"}],"replies":[{"embeddable":true,"href":"https:\/\/goiasemtempo.com.br\/home\/wp-json\/wp\/v2\/comments?post=84010"}],"version-history":[{"count":1,"href":"https:\/\/goiasemtempo.com.br\/home\/wp-json\/wp\/v2\/posts\/84010\/revisions"}],"predecessor-version":[{"id":84045,"href":"https:\/\/goiasemtempo.com.br\/home\/wp-json\/wp\/v2\/posts\/84010\/revisions\/84045"}],"wp:featuredmedia":[{"embeddable":true,"href":"https:\/\/goiasemtempo.com.br\/home\/wp-json\/wp\/v2\/media\/84009"}],"wp:attachment":[{"href":"https:\/\/goiasemtempo.com.br\/home\/wp-json\/wp\/v2\/media?parent=84010"}],"wp:term":[{"taxonomy":"category","embeddable":true,"href":"https:\/\/goiasemtempo.com.br\/home\/wp-json\/wp\/v2\/categories?post=84010"},{"taxonomy":"post_tag","embeddable":true,"href":"https:\/\/goiasemtempo.com.br\/home\/wp-json\/wp\/v2\/tags?post=84010"}],"curies":[{"name":"wp","href":"https:\/\/api.w.org\/{rel}","templated":true}]}}