{"id":84006,"date":"2026-08-29T18:41:52","date_gmt":"2026-08-29T18:41:52","guid":{"rendered":"https:\/\/goiasemtempo.com.br\/home\/?p=84006"},"modified":"2026-08-31T18:42:14","modified_gmt":"2026-08-31T18:42:14","slug":"tribunal-jatai-condena-homem-19-anos-feminicidio-ielly-gabriele","status":"publish","type":"post","link":"https:\/\/goiasemtempo.com.br\/home\/tribunal-jatai-condena-homem-19-anos-feminicidio-ielly-gabriele\/","title":{"rendered":"Tribunal de Jata\u00ed condena homem a 19 anos por feminic\u00eddio de Ielly Gabriele"},"content":{"rendered":"\n<p class=\"wp-block-paragraph\">O Tribunal do J\u00fari de Jata\u00ed condenou Diego Fonseca Borges a 19 anos, 4 meses e 22 dias de reclus\u00e3o pelo feminic\u00eddio de Ielly Gabriele Alves, de 23 anos. O julgamento foi conclu\u00eddo na madrugada de 28 de agosto de 2026, ap\u00f3s an\u00e1lise dos fatos ocorridos em novembro de 2023 na zona rural do munic\u00edpio goiano.<\/p>\n\n\n\n<h2 class=\"wp-block-heading\">Circunst\u00e2ncias do crime<\/h2>\n\n\n\n<p class=\"wp-block-paragraph\">Os jurados reconheceram que o disparo foi intencional e configurou feminic\u00eddio motivado por ci\u00fames e discuss\u00f5es no relacionamento de cerca de um ano e meio. A tese de emboscada e recurso que dificultou a defesa da v\u00edtima foi aceita, rejeitando o argumento de acidente apresentado pela defesa.<\/p>\n\n\n\n<h2 class=\"wp-block-heading\">Fixa\u00e7\u00e3o da pena<\/h2>\n\n\n\n<p class=\"wp-block-paragraph\">A pena-base foi estabelecida em 14 anos e 3 meses, agravada por reincid\u00eancia e outros fatores at\u00e9 atingir o total de 19 anos, 4 meses e 22 dias em regime fechado. Al\u00e9m da reclus\u00e3o, o condenado deve pagar R$ 250 mil a t\u00edtulo de danos morais \u00e0 fam\u00edlia da v\u00edtima.<\/p>\n\n\n\n<h2 class=\"wp-block-heading\">Contexto do relacionamento<\/h2>\n\n\n\n<p class=\"wp-block-paragraph\">Conflitos recorrentes, amea\u00e7as e motiva\u00e7\u00f5es torpes marcaram o per\u00edodo que antecedeu o crime. O j\u00fari considerou que esses elementos configuraram o feminic\u00eddio, refor\u00e7ando a decis\u00e3o por regime inicial fechado sem benef\u00edcios de progress\u00e3o imediata.<\/p>\n","protected":false},"excerpt":{"rendered":"<p>O Tribunal do J\u00fari de Jata\u00ed condenou Diego Fonseca Borges a 19 anos, 4 meses e 22 dias de reclus\u00e3o pelo feminic\u00eddio de Ielly Gabriele Alves, de 23 anos. O julgamento foi conclu\u00eddo na madrugada de 28 de agosto de 2026, ap\u00f3s an\u00e1lise dos fatos ocorridos em novembro de 2023 na zona rural do munic\u00edpio &hellip;<\/p>\n","protected":false},"author":5,"featured_media":84005,"comment_status":"closed","ping_status":"open","sticky":false,"template":"","format":"standard","meta":{"footnotes":""},"categories":[489,461,26,19,4],"tags":[4328,4333,4331,4335,4329,4330,4334,4337,4332,4336],"class_list":["post-84006","post","type-post","status-publish","format-standard","has-post-thumbnail","hentry","category-crime","category-feminicidio","category-justica","category-manchete","category-ultimas-noticias","tag-19-anos-prisao","tag-condenacao-feminicidio","tag-diego-fonseca-borges","tag-feminicidio-2023","tag-feminicidio-jatai","tag-ielly-gabriele","tag-jatai-goias","tag-julgamento-jatai","tag-tribunal-do-juri","tag-zona-rural-jatai"],"_links":{"self":[{"href":"https:\/\/goiasemtempo.com.br\/home\/wp-json\/wp\/v2\/posts\/84006","targetHints":{"allow":["GET"]}}],"collection":[{"href":"https:\/\/goiasemtempo.com.br\/home\/wp-json\/wp\/v2\/posts"}],"about":[{"href":"https:\/\/goiasemtempo.com.br\/home\/wp-json\/wp\/v2\/types\/post"}],"author":[{"embeddable":true,"href":"https:\/\/goiasemtempo.com.br\/home\/wp-json\/wp\/v2\/users\/5"}],"replies":[{"embeddable":true,"href":"https:\/\/goiasemtempo.com.br\/home\/wp-json\/wp\/v2\/comments?post=84006"}],"version-history":[{"count":1,"href":"https:\/\/goiasemtempo.com.br\/home\/wp-json\/wp\/v2\/posts\/84006\/revisions"}],"predecessor-version":[{"id":84037,"href":"https:\/\/goiasemtempo.com.br\/home\/wp-json\/wp\/v2\/posts\/84006\/revisions\/84037"}],"wp:featuredmedia":[{"embeddable":true,"href":"https:\/\/goiasemtempo.com.br\/home\/wp-json\/wp\/v2\/media\/84005"}],"wp:attachment":[{"href":"https:\/\/goiasemtempo.com.br\/home\/wp-json\/wp\/v2\/media?parent=84006"}],"wp:term":[{"taxonomy":"category","embeddable":true,"href":"https:\/\/goiasemtempo.com.br\/home\/wp-json\/wp\/v2\/categories?post=84006"},{"taxonomy":"post_tag","embeddable":true,"href":"https:\/\/goiasemtempo.com.br\/home\/wp-json\/wp\/v2\/tags?post=84006"}],"curies":[{"name":"wp","href":"https:\/\/api.w.org\/{rel}","templated":true}]}}