{"id":84002,"date":"2026-08-29T18:41:54","date_gmt":"2026-08-29T18:41:54","guid":{"rendered":"https:\/\/goiasemtempo.com.br\/home\/?p=84002"},"modified":"2026-08-31T18:42:28","modified_gmt":"2026-08-31T18:42:28","slug":"bandeira-tarifaria-amarela-setembro-2026-aneel","status":"publish","type":"post","link":"https:\/\/goiasemtempo.com.br\/home\/bandeira-tarifaria-amarela-setembro-2026-aneel\/","title":{"rendered":"Aneel mant\u00e9m bandeira tarif\u00e1ria amarela para setembro de 2026"},"content":{"rendered":"\n<p class=\"wp-block-paragraph\">A Ag\u00eancia Nacional de Energia El\u00e9trica (Aneel) informou que a bandeira tarif\u00e1ria permanecer\u00e1 amarela em setembro de 2026 para os consumidores do Sistema Interligado Nacional (SIN). A decis\u00e3o, anunciada em 28 de agosto, mant\u00e9m o acr\u00e9scimo de R$ 1,885 a cada 100 kWh consumidos. O per\u00edodo seco atual reduz a gera\u00e7\u00e3o hidrel\u00e9trica e exige o acionamento de usinas termel\u00e9tricas mais caras, o que eleva os custos de produ\u00e7\u00e3o de energia no pa\u00eds.<\/p>\n\n\n\n<h2 class=\"wp-block-heading\">Condi\u00e7\u00f5es de gera\u00e7\u00e3o influenciam a bandeira<\/h2>\n\n\n\n<p class=\"wp-block-paragraph\">Os reservat\u00f3rios apresentam n\u00edveis mais baixos devido \u00e0s condi\u00e7\u00f5es clim\u00e1ticas menos favor\u00e1veis. Essa situa\u00e7\u00e3o obriga o uso de fontes de gera\u00e7\u00e3o com custos mais elevados para atender \u00e0 demanda. A sinaliza\u00e7\u00e3o reflete as necessidades do sistema el\u00e9trico brasileiro em um momento de transi\u00e7\u00e3o para fontes complementares.<\/p>\n\n\n\n<blockquote class=\"is-layout-flow wp-block-quote-is-layout-flow\">\n\n<p class=\"wp-block-paragraph\">A sinaliza\u00e7\u00e3o reflete condi\u00e7\u00f5es menos favor\u00e1veis de gera\u00e7\u00e3o de energia no pa\u00eds, com necessidade de utiliza\u00e7\u00e3o de fontes de gera\u00e7\u00e3o com custos mais elevados<\/p>\n\n<cite>Aneel<\/cite><\/blockquote>\n\n\n\n<h2 class=\"wp-block-heading\">Orienta\u00e7\u00f5es para reduzir o consumo<\/h2>\n\n\n\n<p class=\"wp-block-paragraph\">Consumidores podem adotar h\u00e1bitos simples para controlar os gastos com a conta de luz durante este per\u00edodo. Medidas como o uso consciente de eletrodom\u00e9sticos e a verifica\u00e7\u00e3o de vazamentos contribuem para a efici\u00eancia energ\u00e9tica. A Aneel destaca que pequenas mudan\u00e7as de h\u00e1bito podem contribuir para reduzir o consumo e ajudar no controle dos gastos com a conta de luz.<\/p>\n\n\n\n<blockquote class=\"is-layout-flow wp-block-quote-is-layout-flow\">\n\n<p class=\"wp-block-paragraph\">Pequenas mudan\u00e7as de h\u00e1bito podem contribuir para reduzir o consumo e ajudar no controle dos gastos com a conta de luz<\/p>\n\n<cite>Aneel<\/cite><\/blockquote>\n","protected":false},"excerpt":{"rendered":"<p>A Ag\u00eancia Nacional de Energia El\u00e9trica (Aneel) informou que a bandeira tarif\u00e1ria permanecer\u00e1 amarela em setembro de 2026 para os consumidores do Sistema Interligado Nacional (SIN). A decis\u00e3o, anunciada em 28 de agosto, mant\u00e9m o acr\u00e9scimo de R$ 1,885 a cada 100 kWh consumidos. O per\u00edodo seco atual reduz a gera\u00e7\u00e3o hidrel\u00e9trica e exige o &hellip;<\/p>\n","protected":false},"author":5,"featured_media":84001,"comment_status":"closed","ping_status":"open","sticky":false,"template":"","format":"standard","meta":{"footnotes":""},"categories":[470,17,19,4],"tags":[3705,1932,1926,4316,4315,2177,3942,3132,4318,4317],"class_list":["post-84002","post","type-post","status-publish","format-standard","has-post-thumbnail","hentry","category-clima","category-economia","category-manchete","category-ultimas-noticias","tag-fornecimento-energia","tag-2026-tarifas","tag-aneel","tag-bandeira-amarela","tag-bandeira-tarifaria","tag-energia-eletrica","tag-periodo-seco","tag-setembro-2026","tag-sistema-interligado-nacional","tag-usinas-termeletricas"],"_links":{"self":[{"href":"https:\/\/goiasemtempo.com.br\/home\/wp-json\/wp\/v2\/posts\/84002","targetHints":{"allow":["GET"]}}],"collection":[{"href":"https:\/\/goiasemtempo.com.br\/home\/wp-json\/wp\/v2\/posts"}],"about":[{"href":"https:\/\/goiasemtempo.com.br\/home\/wp-json\/wp\/v2\/types\/post"}],"author":[{"embeddable":true,"href":"https:\/\/goiasemtempo.com.br\/home\/wp-json\/wp\/v2\/users\/5"}],"replies":[{"embeddable":true,"href":"https:\/\/goiasemtempo.com.br\/home\/wp-json\/wp\/v2\/comments?post=84002"}],"version-history":[{"count":1,"href":"https:\/\/goiasemtempo.com.br\/home\/wp-json\/wp\/v2\/posts\/84002\/revisions"}],"predecessor-version":[{"id":84039,"href":"https:\/\/goiasemtempo.com.br\/home\/wp-json\/wp\/v2\/posts\/84002\/revisions\/84039"}],"wp:featuredmedia":[{"embeddable":true,"href":"https:\/\/goiasemtempo.com.br\/home\/wp-json\/wp\/v2\/media\/84001"}],"wp:attachment":[{"href":"https:\/\/goiasemtempo.com.br\/home\/wp-json\/wp\/v2\/media?parent=84002"}],"wp:term":[{"taxonomy":"category","embeddable":true,"href":"https:\/\/goiasemtempo.com.br\/home\/wp-json\/wp\/v2\/categories?post=84002"},{"taxonomy":"post_tag","embeddable":true,"href":"https:\/\/goiasemtempo.com.br\/home\/wp-json\/wp\/v2\/tags?post=84002"}],"curies":[{"name":"wp","href":"https:\/\/api.w.org\/{rel}","templated":true}]}}