{"id":84000,"date":"2026-08-29T18:41:54","date_gmt":"2026-08-29T18:41:54","guid":{"rendered":"https:\/\/goiasemtempo.com.br\/home\/?p=84000"},"modified":"2026-08-31T18:42:25","modified_gmt":"2026-08-31T18:42:25","slug":"morre-aos-92-anos-dioclides-barbosa-comerciante-anapolis-fc","status":"publish","type":"post","link":"https:\/\/goiasemtempo.com.br\/home\/morre-aos-92-anos-dioclides-barbosa-comerciante-anapolis-fc\/","title":{"rendered":"Morre aos 92 anos Dioclides Barbosa, ic\u00f4nico comerciante e torcedor do An\u00e1polis FC"},"content":{"rendered":"\n<p class=\"wp-block-paragraph\">Dioclides Barbosa dos Santos, conhecido como Di\u00f3, faleceu aos 92 anos em An\u00e1polis, Goi\u00e1s. Figura tradicional no com\u00e9rcio local e torcedor ass\u00edduo do An\u00e1polis Futebol Clube, sua morte mobilizou familiares, amigos e conhecidos que o acompanharam ao longo de d\u00e9cadas de presen\u00e7a ativa na cidade.<\/p>\n\n\n\n<p class=\"wp-block-paragraph\">O comerciante mantinha uma banca no Mercado Municipal e atuava no Camel\u00f3dromo, pontos que o tornaram refer\u00eancia para gera\u00e7\u00f5es de anapolinos. Sua rotina di\u00e1ria envolvia o atendimento direto ao p\u00fablico, sempre marcado pela simpatia e pelo conhecimento profundo das din\u00e2micas do varejo local.<\/p>\n\n\n\n<h2 class=\"wp-block-heading\">Trajet\u00f3ria no com\u00e9rcio de An\u00e1polis<\/h2>\n\n\n\n<p class=\"wp-block-paragraph\">Por meio de seu trabalho constante, Di\u00f3 construiu la\u00e7os s\u00f3lidos com a comunidade comercial de An\u00e1polis. A dedica\u00e7\u00e3o \u00e0s atividades no Mercado Municipal e no Camel\u00f3dromo consolidou sua imagem como profissional comprometido e acess\u00edvel, caracter\u00edsticas que marcaram sua trajet\u00f3ria profissional at\u00e9 os \u00faltimos anos.<\/p>\n\n\n\n<h2 class=\"wp-block-heading\">Paix\u00e3o pelo An\u00e1polis futebol clube<\/h2>\n\n\n\n<p class=\"wp-block-paragraph\">Al\u00e9m do com\u00e9rcio, Di\u00f3 dedicava tempo e entusiasmo ao An\u00e1polis Futebol Clube, clube pelo qual torcia de forma incondicional. O time publicou nota de pesar nas redes sociais, reconhecendo a presen\u00e7a constante do torcedor em jogos e eventos, o que refor\u00e7ou o v\u00ednculo entre o f\u00e3 e a institui\u00e7\u00e3o ao longo de muitos anos.<\/p>\n\n\n\n<h2 class=\"wp-block-heading\">Vel\u00f3rio e despedida na cidade<\/h2>\n\n\n\n<p class=\"wp-block-paragraph\">O vel\u00f3rio ocorreu na Capela Imaculado Cora\u00e7\u00e3o de Maria, localizada no bairro Tropical. O local reuniu pessoas que quiseram prestar homenagens ao comerciante e torcedor, fechando um ciclo de contribui\u00e7\u00f5es para a vida social e esportiva de An\u00e1polis.<\/p>\n","protected":false},"excerpt":{"rendered":"<p>Dioclides Barbosa dos Santos, conhecido como Di\u00f3, faleceu aos 92 anos em An\u00e1polis, Goi\u00e1s. Figura tradicional no com\u00e9rcio local e torcedor ass\u00edduo do An\u00e1polis Futebol Clube, sua morte mobilizou familiares, amigos e conhecidos que o acompanharam ao longo de d\u00e9cadas de presen\u00e7a ativa na cidade. O comerciante mantinha uma banca no Mercado Municipal e atuava &hellip;<\/p>\n","protected":false},"author":5,"featured_media":83999,"comment_status":"closed","ping_status":"open","sticky":false,"template":"","format":"standard","meta":{"footnotes":""},"categories":[18,482,58,19,4],"tags":[4310,1240,574,1167,3758,4314,4311,4313,3031,4312],"class_list":["post-84000","post","type-post","status-publish","format-standard","has-post-thumbnail","hentry","category-anapolis","category-comercio","category-luto","category-manchete","category-ultimas-noticias","tag-92-anos-morto","tag-anapolis-fc","tag-anapolis-goias","tag-comerciante-anapolis","tag-comercio-anapolis","tag-dio-anapolis","tag-dioclides-barbosa","tag-morreu-anapolis","tag-morte-anapolis","tag-torcedor-anapolis-fc"],"_links":{"self":[{"href":"https:\/\/goiasemtempo.com.br\/home\/wp-json\/wp\/v2\/posts\/84000","targetHints":{"allow":["GET"]}}],"collection":[{"href":"https:\/\/goiasemtempo.com.br\/home\/wp-json\/wp\/v2\/posts"}],"about":[{"href":"https:\/\/goiasemtempo.com.br\/home\/wp-json\/wp\/v2\/types\/post"}],"author":[{"embeddable":true,"href":"https:\/\/goiasemtempo.com.br\/home\/wp-json\/wp\/v2\/users\/5"}],"replies":[{"embeddable":true,"href":"https:\/\/goiasemtempo.com.br\/home\/wp-json\/wp\/v2\/comments?post=84000"}],"version-history":[{"count":1,"href":"https:\/\/goiasemtempo.com.br\/home\/wp-json\/wp\/v2\/posts\/84000\/revisions"}],"predecessor-version":[{"id":84040,"href":"https:\/\/goiasemtempo.com.br\/home\/wp-json\/wp\/v2\/posts\/84000\/revisions\/84040"}],"wp:featuredmedia":[{"embeddable":true,"href":"https:\/\/goiasemtempo.com.br\/home\/wp-json\/wp\/v2\/media\/83999"}],"wp:attachment":[{"href":"https:\/\/goiasemtempo.com.br\/home\/wp-json\/wp\/v2\/media?parent=84000"}],"wp:term":[{"taxonomy":"category","embeddable":true,"href":"https:\/\/goiasemtempo.com.br\/home\/wp-json\/wp\/v2\/categories?post=84000"},{"taxonomy":"post_tag","embeddable":true,"href":"https:\/\/goiasemtempo.com.br\/home\/wp-json\/wp\/v2\/tags?post=84000"}],"curies":[{"name":"wp","href":"https:\/\/api.w.org\/{rel}","templated":true}]}}