{"id":83996,"date":"2026-08-28T18:34:22","date_gmt":"2026-08-28T18:34:22","guid":{"rendered":"https:\/\/goiasemtempo.com.br\/home\/?p=83996"},"modified":"2026-08-31T18:39:19","modified_gmt":"2026-08-31T18:39:19","slug":"morre-peter-cullen-voz-optimus-prime-aos-85-anos","status":"publish","type":"post","link":"https:\/\/goiasemtempo.com.br\/home\/morre-peter-cullen-voz-optimus-prime-aos-85-anos\/","title":{"rendered":"Morre Peter Cullen, a voz ic\u00f4nica de Optimus Prime, aos 85 anos"},"content":{"rendered":"\n<p class=\"wp-block-paragraph\">O dublador canadense Peter Cullen, reconhecido mundialmente por dar voz a Optimus Prime na franquia Transformers, faleceu aos 85 anos na quarta-feira, 26 de agosto de 2026, em sua resid\u00eancia em Los Angeles, nos Estados Unidos. A informa\u00e7\u00e3o foi confirmada por familiares, que relataram que ele morreu em paz, cercado por parentes pr\u00f3ximos. A causa do falecimento n\u00e3o foi divulgada pelas autoridades ou pela fam\u00edlia at\u00e9 o momento.<\/p>\n\n\n\n<h2 class=\"wp-block-heading\">Detalhes do falecimento<\/h2>\n\n\n\n<p class=\"wp-block-paragraph\">Peter Cullen passou seus \u00faltimos momentos em casa, ao lado da fam\u00edlia, conforme comunicado oficial divulgado nesta sexta-feira. A not\u00edcia gerou como\u00e7\u00e3o entre f\u00e3s da s\u00e9rie animada e do cinema, que acompanharam sua carreira por d\u00e9cadas. Fontes pr\u00f3ximas indicam que o ator mantinha uma vida reservada nos \u00faltimos anos, sem apari\u00e7\u00f5es p\u00fablicas recentes.<\/p>\n\n\n\n<h2 class=\"wp-block-heading\">Reconhecimento por sua voz ic\u00f4nica<\/h2>\n\n\n\n<p class=\"wp-block-paragraph\">Durante sua trajet\u00f3ria, Peter Cullen se destacou como um dos principais dubladores do Canad\u00e1, especialmente pelo papel marcante em Transformers. Sua interpreta\u00e7\u00e3o de Optimus Prime influenciou gera\u00e7\u00f5es de espectadores e consolidou sua presen\u00e7a em produ\u00e7\u00f5es de anima\u00e7\u00e3o e cinema. A fam\u00edlia solicitou privacidade neste per\u00edodo de luto e agradeceu o apoio recebido de admiradores ao redor do mundo.<\/p>\n","protected":false},"excerpt":{"rendered":"<p>O dublador canadense Peter Cullen, reconhecido mundialmente por dar voz a Optimus Prime na franquia Transformers, faleceu aos 85 anos na quarta-feira, 26 de agosto de 2026, em sua resid\u00eancia em Los Angeles, nos Estados Unidos. A informa\u00e7\u00e3o foi confirmada por familiares, que relataram que ele morreu em paz, cercado por parentes pr\u00f3ximos. A causa &hellip;<\/p>\n","protected":false},"author":5,"featured_media":83995,"comment_status":"closed","ping_status":"open","sticky":false,"template":"","format":"standard","meta":{"footnotes":""},"categories":[41,472,58,19,4],"tags":[4296,4295,4300,4301,4298,4299,4293,4292,4294,4297],"class_list":["post-83996","post","type-post","status-publish","format-standard","has-post-thumbnail","hentry","category-cinema","category-famosos","category-luto","category-manchete","category-ultimas-noticias","tag-85-anos-morto","tag-dublador-morto","tag-dublagem","tag-franquia-transformers","tag-los-angeles","tag-morreu-em-paz","tag-optimus-prime","tag-peter-cullen","tag-transformers","tag-voz-iconica"],"_links":{"self":[{"href":"https:\/\/goiasemtempo.com.br\/home\/wp-json\/wp\/v2\/posts\/83996","targetHints":{"allow":["GET"]}}],"collection":[{"href":"https:\/\/goiasemtempo.com.br\/home\/wp-json\/wp\/v2\/posts"}],"about":[{"href":"https:\/\/goiasemtempo.com.br\/home\/wp-json\/wp\/v2\/types\/post"}],"author":[{"embeddable":true,"href":"https:\/\/goiasemtempo.com.br\/home\/wp-json\/wp\/v2\/users\/5"}],"replies":[{"embeddable":true,"href":"https:\/\/goiasemtempo.com.br\/home\/wp-json\/wp\/v2\/comments?post=83996"}],"version-history":[{"count":1,"href":"https:\/\/goiasemtempo.com.br\/home\/wp-json\/wp\/v2\/posts\/83996\/revisions"}],"predecessor-version":[{"id":84027,"href":"https:\/\/goiasemtempo.com.br\/home\/wp-json\/wp\/v2\/posts\/83996\/revisions\/84027"}],"wp:featuredmedia":[{"embeddable":true,"href":"https:\/\/goiasemtempo.com.br\/home\/wp-json\/wp\/v2\/media\/83995"}],"wp:attachment":[{"href":"https:\/\/goiasemtempo.com.br\/home\/wp-json\/wp\/v2\/media?parent=83996"}],"wp:term":[{"taxonomy":"category","embeddable":true,"href":"https:\/\/goiasemtempo.com.br\/home\/wp-json\/wp\/v2\/categories?post=83996"},{"taxonomy":"post_tag","embeddable":true,"href":"https:\/\/goiasemtempo.com.br\/home\/wp-json\/wp\/v2\/tags?post=83996"}],"curies":[{"name":"wp","href":"https:\/\/api.w.org\/{rel}","templated":true}]}}