{"id":83994,"date":"2026-08-28T18:34:22","date_gmt":"2026-08-28T18:34:22","guid":{"rendered":"https:\/\/goiasemtempo.com.br\/home\/?p=83994"},"modified":"2026-08-31T18:39:33","modified_gmt":"2026-08-31T18:39:33","slug":"adib-elias-denuncia-assedio-eleitoral-servidores-catalao","status":"publish","type":"post","link":"https:\/\/goiasemtempo.com.br\/home\/adib-elias-denuncia-assedio-eleitoral-servidores-catalao\/","title":{"rendered":"Adib Elias denuncia ass\u00e9dio eleitoral e demiss\u00f5es de servidores em Catal\u00e3o"},"content":{"rendered":"\n<p class=\"wp-block-paragraph\">Adib Elias, candidato a deputado estadual pelo MDB e ex-prefeito de Catal\u00e3o, denunciou ass\u00e9dio eleitoral contra servidores comissionados da prefeitura local desde o in\u00edcio do processo eleitoral de 2026. Segundo o pol\u00edtico, esses trabalhadores s\u00e3o pressionados a participar de eventos de campanha, carregar bandeiras, pedir votos e realizar outras atividades pol\u00edticas sob amea\u00e7a de demiss\u00e3o. Cerca de dez exonera\u00e7\u00f5es j\u00e1 foram registradas e publicadas no site oficial da prefeitura ap\u00f3s recusas a essas solicita\u00e7\u00f5es.<\/p>\n\n\n\n<h2 class=\"wp-block-heading\">Explora\u00e7\u00e3o da vulnerabilidade econ\u00f4mica<\/h2>\n\n\n\n<p class=\"wp-block-paragraph\">Adib Elias afirmou que a estrat\u00e9gia visa obter apoio pol\u00edtico explorando a situa\u00e7\u00e3o financeira de servidores de menor remunera\u00e7\u00e3o. Ele destacou que n\u00e3o existe sal\u00e1rio pequeno quando ele sustenta uma fam\u00edlia, pois por tr\u00e1s de cada demiss\u00e3o h\u00e1 contas, filhos e necessidades b\u00e1sicas. O candidato ressaltou que exercer poder sobre quem depende do emprego para sobreviver n\u00e3o demonstra for\u00e7a pol\u00edtica, mas sim crueldade.<\/p>\n\n\n\n<h2 class=\"wp-block-heading\">Posicionamento sobre democracia e compet\u00eancia<\/h2>\n\n\n\n<p class=\"wp-block-paragraph\">O ex-prefeito tamb\u00e9m criticou a transforma\u00e7\u00e3o de diverg\u00eancias pol\u00edticas em persegui\u00e7\u00e3o. Ele defendeu que advers\u00e1rios fazem parte da democracia, mas punir pessoas comuns pelo direito de pensar diferente n\u00e3o. Segundo Adib Elias, um bom funcion\u00e1rio n\u00e3o deixa de s\u00ea-lo por escolher votar em determinado candidato, pois compet\u00eancia n\u00e3o tem partido e emprego se paga com trabalho, n\u00e3o com voto.<\/p>\n\n\n\n<blockquote class=\"is-layout-flow wp-block-quote-is-layout-flow\">\n\n<p class=\"wp-block-paragraph\">Lamentavelmente, o que est\u00e1 acontecendo em Catal\u00e3o ultrapassa qualquer limite eleitoral. Estamos assistindo a uma desumaniza\u00e7\u00e3o da pol\u00edtica, algo sem precedentes na nossa cidade. Se tem uma coisa que nenhuma disputa eleitoral deveria conseguir tirar de n\u00f3s \u00e9 a capacidade de enxergar o outro como ser humano<\/p>\n\n<cite>Adib Elias<\/cite><\/blockquote>\n\n\n\n<blockquote class=\"is-layout-flow wp-block-quote-is-layout-flow\">\n\n<p class=\"wp-block-paragraph\">N\u00e3o existe sal\u00e1rio pequeno quando \u00e9 aquele sal\u00e1rio que sustenta uma fam\u00edlia. Por tr\u00e1s de uma demiss\u00e3o existe uma casa, existem contas para pagar, filhos para criar, comida para colocar na mesa. \u00c9 muito f\u00e1cil exercer poder sobre quem precisa daquele sal\u00e1rio para sobreviver. Isso n\u00e3o \u00e9 demonstra\u00e7\u00e3o de for\u00e7a pol\u00edtica. \u00c9 crueldade<\/p>\n\n<cite>Adib Elias<\/cite><\/blockquote>\n","protected":false},"excerpt":{"rendered":"<p>Adib Elias, candidato a deputado estadual pelo MDB e ex-prefeito de Catal\u00e3o, denunciou ass\u00e9dio eleitoral contra servidores comissionados da prefeitura local desde o in\u00edcio do processo eleitoral de 2026. Segundo o pol\u00edtico, esses trabalhadores s\u00e3o pressionados a participar de eventos de campanha, carregar bandeiras, pedir votos e realizar outras atividades pol\u00edticas sob amea\u00e7a de demiss\u00e3o. &hellip;<\/p>\n","protected":false},"author":5,"featured_media":83993,"comment_status":"closed","ping_status":"open","sticky":false,"template":"","format":"standard","meta":{"footnotes":""},"categories":[489,30,19,2,4],"tags":[913,1112,4285,4290,4286,4289,4287,1034,4288,4291],"class_list":["post-83994","post","type-post","status-publish","format-standard","has-post-thumbnail","hentry","category-crime","category-eleicoes","category-manchete","category-politica","category-ultimas-noticias","tag-abuso-de-autoridade","tag-abuso-poder-politico","tag-abuso-poder-publico","tag-adib-elias","tag-assedio-eleitoral","tag-catalao","tag-demissoes-politicas","tag-eleicoes-2026","tag-pressao-eleitoral","tag-servidores-comissionados"],"_links":{"self":[{"href":"https:\/\/goiasemtempo.com.br\/home\/wp-json\/wp\/v2\/posts\/83994","targetHints":{"allow":["GET"]}}],"collection":[{"href":"https:\/\/goiasemtempo.com.br\/home\/wp-json\/wp\/v2\/posts"}],"about":[{"href":"https:\/\/goiasemtempo.com.br\/home\/wp-json\/wp\/v2\/types\/post"}],"author":[{"embeddable":true,"href":"https:\/\/goiasemtempo.com.br\/home\/wp-json\/wp\/v2\/users\/5"}],"replies":[{"embeddable":true,"href":"https:\/\/goiasemtempo.com.br\/home\/wp-json\/wp\/v2\/comments?post=83994"}],"version-history":[{"count":1,"href":"https:\/\/goiasemtempo.com.br\/home\/wp-json\/wp\/v2\/posts\/83994\/revisions"}],"predecessor-version":[{"id":84028,"href":"https:\/\/goiasemtempo.com.br\/home\/wp-json\/wp\/v2\/posts\/83994\/revisions\/84028"}],"wp:featuredmedia":[{"embeddable":true,"href":"https:\/\/goiasemtempo.com.br\/home\/wp-json\/wp\/v2\/media\/83993"}],"wp:attachment":[{"href":"https:\/\/goiasemtempo.com.br\/home\/wp-json\/wp\/v2\/media?parent=83994"}],"wp:term":[{"taxonomy":"category","embeddable":true,"href":"https:\/\/goiasemtempo.com.br\/home\/wp-json\/wp\/v2\/categories?post=83994"},{"taxonomy":"post_tag","embeddable":true,"href":"https:\/\/goiasemtempo.com.br\/home\/wp-json\/wp\/v2\/tags?post=83994"}],"curies":[{"name":"wp","href":"https:\/\/api.w.org\/{rel}","templated":true}]}}