{"id":83992,"date":"2026-08-28T18:34:23","date_gmt":"2026-08-28T18:34:23","guid":{"rendered":"https:\/\/goiasemtempo.com.br\/home\/?p=83992"},"modified":"2026-08-31T18:38:54","modified_gmt":"2026-08-31T18:38:54","slug":"prefeito-aparecida-goiania-inicia-distribuicao-110-toneladas-alimentos-aparecida-e-show","status":"publish","type":"post","link":"https:\/\/goiasemtempo.com.br\/home\/prefeito-aparecida-goiania-inicia-distribuicao-110-toneladas-alimentos-aparecida-e-show\/","title":{"rendered":"Prefeito de Aparecida inicia distribui\u00e7\u00e3o de 110 toneladas de alimentos do Aparecida \u00e9 Show"},"content":{"rendered":"\n<p class=\"wp-block-paragraph\">O prefeito de Aparecida de Goi\u00e2nia, Leandro Vilela, iniciou na quinta-feira, 27 de agosto de 2026, a distribui\u00e7\u00e3o das 110 toneladas de alimentos arrecadados na 17\u00aa edi\u00e7\u00e3o do Aparecida \u00e9 Show. A a\u00e7\u00e3o come\u00e7ou pelo Espa\u00e7o Amor, no setor Madre Germana, e prosseguiu na APAE de Aparecida de Goi\u00e2nia, com apoio das secret\u00e1rias Carol Ara\u00fajo e Pollyana Borges, al\u00e9m de Dila Ogawa, respons\u00e1vel pelo Espa\u00e7o Amor. Os donativos ser\u00e3o destinados a fam\u00edlias em situa\u00e7\u00e3o de vulnerabilidade, entidades assistenciais e a\u00e7\u00f5es de prote\u00e7\u00e3o animal.<\/p>\n\n\n\n<h2 class=\"wp-block-heading\">Arrecada\u00e7\u00e3o durante o evento<\/h2>\n\n\n\n<p class=\"wp-block-paragraph\">A coleta ocorreu ao longo dos quatro dias do festival, com entrada solid\u00e1ria de 1 kg de alimento ou ra\u00e7\u00e3o para animais. Essa iniciativa permitiu reunir o volume total de 110 toneladas, que agora passa por triagem e log\u00edstica para garantir entrega eficiente \u00e0s institui\u00e7\u00f5es parceiras. A participa\u00e7\u00e3o popular refor\u00e7ou o car\u00e1ter comunit\u00e1rio do Aparecida \u00e9 Show.<\/p>\n\n\n\n<h2 class=\"wp-block-heading\">Pr\u00f3ximos passos da distribui\u00e7\u00e3o<\/h2>\n\n\n\n<p class=\"wp-block-paragraph\">Ap\u00f3s o in\u00edcio no Espa\u00e7o Amor e na APAE, a prefeitura planeja ampliar as entregas para outras entidades cadastradas em Aparecida de Goi\u00e2nia. O processo segue crit\u00e9rios de vulnerabilidade social e prote\u00e7\u00e3o animal, com acompanhamento das secretarias envolvidas. A medida atende diretamente \u00e0 demanda de assist\u00eancia no munic\u00edpio goiano.<\/p>\n\n\n\n<h2 class=\"wp-block-heading\">Impacto nas institui\u00e7\u00f5es beneficiadas<\/h2>\n\n\n<p>Entidades como o Espa\u00e7o Amor e a APAE j\u00e1 receberam as primeiras cargas e destacam a import\u00e2ncia dos alimentos para manuten\u00e7\u00e3o de seus programas. A a\u00e7\u00e3o complementa pol\u00edticas p\u00fablicas de apoio social e refor\u00e7a a rede de prote\u00e7\u00e3o existente na cidade. Novas etapas da distribui\u00e7\u00e3o ocorrer\u00e3o nos pr\u00f3ximos dias.","protected":false},"excerpt":{"rendered":"<p>O prefeito de Aparecida de Goi\u00e2nia, Leandro Vilela, iniciou na quinta-feira, 27 de agosto de 2026, a distribui\u00e7\u00e3o das 110 toneladas de alimentos arrecadados na 17\u00aa edi\u00e7\u00e3o do Aparecida \u00e9 Show. A a\u00e7\u00e3o come\u00e7ou pelo Espa\u00e7o Amor, no setor Madre Germana, e prosseguiu na APAE de Aparecida de Goi\u00e2nia, com apoio das secret\u00e1rias Carol Ara\u00fajo &hellip;<\/p>\n","protected":false},"author":5,"featured_media":83991,"comment_status":"closed","ping_status":"open","sticky":false,"template":"","format":"standard","meta":{"footnotes":""},"categories":[7,443,19,65,4],"tags":[4281,4284,772,4280,4279,4282,4283,2430,3921,1558],"class_list":["post-83992","post","type-post","status-publish","format-standard","has-post-thumbnail","hentry","category-cidades","category-comunidade","category-manchete","category-solidariedade","category-ultimas-noticias","tag-110-toneladas-alimentos","tag-apae-aparecida","tag-aparecida-de-goiania","tag-aparecida-e-show","tag-distribuicao-alimentos","tag-entidades-assistenciais","tag-espaco-amor","tag-leandro-vilela","tag-protecao-animal","tag-vulnerabilidade-social"],"_links":{"self":[{"href":"https:\/\/goiasemtempo.com.br\/home\/wp-json\/wp\/v2\/posts\/83992","targetHints":{"allow":["GET"]}}],"collection":[{"href":"https:\/\/goiasemtempo.com.br\/home\/wp-json\/wp\/v2\/posts"}],"about":[{"href":"https:\/\/goiasemtempo.com.br\/home\/wp-json\/wp\/v2\/types\/post"}],"author":[{"embeddable":true,"href":"https:\/\/goiasemtempo.com.br\/home\/wp-json\/wp\/v2\/users\/5"}],"replies":[{"embeddable":true,"href":"https:\/\/goiasemtempo.com.br\/home\/wp-json\/wp\/v2\/comments?post=83992"}],"version-history":[{"count":1,"href":"https:\/\/goiasemtempo.com.br\/home\/wp-json\/wp\/v2\/posts\/83992\/revisions"}],"predecessor-version":[{"id":84029,"href":"https:\/\/goiasemtempo.com.br\/home\/wp-json\/wp\/v2\/posts\/83992\/revisions\/84029"}],"wp:featuredmedia":[{"embeddable":true,"href":"https:\/\/goiasemtempo.com.br\/home\/wp-json\/wp\/v2\/media\/83991"}],"wp:attachment":[{"href":"https:\/\/goiasemtempo.com.br\/home\/wp-json\/wp\/v2\/media?parent=83992"}],"wp:term":[{"taxonomy":"category","embeddable":true,"href":"https:\/\/goiasemtempo.com.br\/home\/wp-json\/wp\/v2\/categories?post=83992"},{"taxonomy":"post_tag","embeddable":true,"href":"https:\/\/goiasemtempo.com.br\/home\/wp-json\/wp\/v2\/tags?post=83992"}],"curies":[{"name":"wp","href":"https:\/\/api.w.org\/{rel}","templated":true}]}}