{"id":83990,"date":"2026-08-28T18:34:23","date_gmt":"2026-08-28T18:34:23","guid":{"rendered":"https:\/\/goiasemtempo.com.br\/home\/?p=83990"},"modified":"2026-08-31T18:39:07","modified_gmt":"2026-08-31T18:39:07","slug":"trindade-final-circuito-rota-gastronomica-goias","status":"publish","type":"post","link":"https:\/\/goiasemtempo.com.br\/home\/trindade-final-circuito-rota-gastronomica-goias\/","title":{"rendered":"Trindade recebe final do Circuito Rota Gastron\u00f4mica com chefs e shows musicais"},"content":{"rendered":"\n<p class=\"wp-block-paragraph\">Trindade sedia a etapa final da primeira edi\u00e7\u00e3o do Circuito \u201cRota Gastron\u00f4mica \u2013 Sabores que percorrem Goi\u00e1s\u201d a partir desta sexta-feira, 28 de agosto de 2026. O evento acontece at\u00e9 domingo, 30 de agosto, no Carreir\u00f3dromo Municipal Ada Cyra e re\u00fane produtores, chefs e artistas para valorizar a gastronomia como atrativo tur\u00edstico no estado. A programa\u00e7\u00e3o inclui arena com mais de 20 expositores, aulas-shows e shows musicais, com entrada solid\u00e1ria para as degusta\u00e7\u00f5es.<\/p>\n\n\n\n<h2 class=\"wp-block-heading\">Arena re\u00fane expositores e chefs renomados<\/h2>\n\n\n\n<p class=\"wp-block-paragraph\">A arena gastron\u00f4mica oferece produtos locais e experi\u00eancias sensoriais para o p\u00fablico. Mais de 20 expositores participam com itens t\u00edpicos da regi\u00e3o. Os chefs Paula Labaki, Jimmy Ogro, Emiliana Azambuja, Marcos Livi e Marco T\u00falio Abras comandam aulas-shows pr\u00e1ticas que destacam t\u00e9cnicas e ingredientes goianos. As a\u00e7\u00f5es aproximam empreendedores e visitantes em um ambiente acess\u00edvel e educativo.<\/p>\n\n\n\n<h2 class=\"wp-block-heading\">Shows musicais completam a programa\u00e7\u00e3o<\/h2>\n\n\n\n<p class=\"wp-block-paragraph\">Vanessa da Mata, Falamansa e Frejat apresentam shows ao longo do fim de semana. A iniciativa conta com apoio do Sistema Fecom\u00e9rcio, Sesc, Senac Goi\u00e1s, Sindtur Goi\u00e1s, Prefeitura de Trindade, AGS, Sebrae, Piracanjuba, Governo de Goi\u00e1s e S\u00e3o Bento Produ\u00e7\u00f5es e Eventos. O objetivo \u00e9 fortalecer a cadeia tur\u00edstica por meio da gastronomia e gerar conex\u00f5es entre produtores e consumidores.<\/p>\n\n\n\n<p class=\"wp-block-paragraph\">A etapa final consolida o circuito como ferramenta de promo\u00e7\u00e3o regional. Visitantes encontram op\u00e7\u00f5es variadas de alimenta\u00e7\u00e3o e entretenimento em um s\u00f3 local. A proposta refor\u00e7a o potencial econ\u00f4mico da gastronomia para o turismo em Goi\u00e1s.<\/p>\n","protected":false},"excerpt":{"rendered":"<p>Trindade sedia a etapa final da primeira edi\u00e7\u00e3o do Circuito \u201cRota Gastron\u00f4mica \u2013 Sabores que percorrem Goi\u00e1s\u201d a partir desta sexta-feira, 28 de agosto de 2026. O evento acontece at\u00e9 domingo, 30 de agosto, no Carreir\u00f3dromo Municipal Ada Cyra e re\u00fane produtores, chefs e artistas para valorizar a gastronomia como atrativo tur\u00edstico no estado. A &hellip;<\/p>\n","protected":false},"author":5,"featured_media":83989,"comment_status":"closed","ping_status":"open","sticky":false,"template":"","format":"standard","meta":{"footnotes":""},"categories":[484,15,19,477,4],"tags":[4275,4274,4276,4271,4277,4272,4270,4278,2153,4273],"class_list":["post-83990","post","type-post","status-publish","format-standard","has-post-thumbnail","hentry","category-gastronomia","category-goias","category-manchete","category-turismo","category-ultimas-noticias","tag-aulas-shows","tag-carreirodromo-trindade","tag-chefs-goias","tag-circuito-gastronomico","tag-eventos-2026","tag-gastronomia-goias","tag-rota-gastronomica","tag-sabores-de-goias","tag-trindade-goias","tag-turismo-gastronomico"],"_links":{"self":[{"href":"https:\/\/goiasemtempo.com.br\/home\/wp-json\/wp\/v2\/posts\/83990","targetHints":{"allow":["GET"]}}],"collection":[{"href":"https:\/\/goiasemtempo.com.br\/home\/wp-json\/wp\/v2\/posts"}],"about":[{"href":"https:\/\/goiasemtempo.com.br\/home\/wp-json\/wp\/v2\/types\/post"}],"author":[{"embeddable":true,"href":"https:\/\/goiasemtempo.com.br\/home\/wp-json\/wp\/v2\/users\/5"}],"replies":[{"embeddable":true,"href":"https:\/\/goiasemtempo.com.br\/home\/wp-json\/wp\/v2\/comments?post=83990"}],"version-history":[{"count":1,"href":"https:\/\/goiasemtempo.com.br\/home\/wp-json\/wp\/v2\/posts\/83990\/revisions"}],"predecessor-version":[{"id":84030,"href":"https:\/\/goiasemtempo.com.br\/home\/wp-json\/wp\/v2\/posts\/83990\/revisions\/84030"}],"wp:featuredmedia":[{"embeddable":true,"href":"https:\/\/goiasemtempo.com.br\/home\/wp-json\/wp\/v2\/media\/83989"}],"wp:attachment":[{"href":"https:\/\/goiasemtempo.com.br\/home\/wp-json\/wp\/v2\/media?parent=83990"}],"wp:term":[{"taxonomy":"category","embeddable":true,"href":"https:\/\/goiasemtempo.com.br\/home\/wp-json\/wp\/v2\/categories?post=83990"},{"taxonomy":"post_tag","embeddable":true,"href":"https:\/\/goiasemtempo.com.br\/home\/wp-json\/wp\/v2\/tags?post=83990"}],"curies":[{"name":"wp","href":"https:\/\/api.w.org\/{rel}","templated":true}]}}