{"id":83988,"date":"2026-08-28T18:34:24","date_gmt":"2026-08-28T18:34:24","guid":{"rendered":"https:\/\/goiasemtempo.com.br\/home\/?p=83988"},"modified":"2026-08-31T18:38:41","modified_gmt":"2026-08-31T18:38:41","slug":"equatorial-goias-reduz-74-interrupcoes-energia-anapolis-desde-2023","status":"publish","type":"post","link":"https:\/\/goiasemtempo.com.br\/home\/equatorial-goias-reduz-74-interrupcoes-energia-anapolis-desde-2023\/","title":{"rendered":"Equatorial Goi\u00e1s reduz em 74% interrup\u00e7\u00f5es de energia em An\u00e1polis desde 2023"},"content":{"rendered":"\n<p class=\"wp-block-paragraph\">A Equatorial Goi\u00e1s reduziu em aproximadamente 74% a frequ\u00eancia das interrup\u00e7\u00f5es no fornecimento de energia em An\u00e1polis desde que assumiu a concess\u00e3o em 2023. Os resultados foram apresentados na sede da empresa no dia 27 de agosto de 2026 e refletem melhorias observadas entre 2023 e julho de 2026 para os consumidores locais. A companhia atribui o avan\u00e7o a investimentos cont\u00ednuos na rede el\u00e9trica da regi\u00e3o.<\/p>\n\n\n\n<h2 class=\"wp-block-heading\">Investimentos em infraestrutura e tecnologia<\/h2>\n\n\n\n<p class=\"wp-block-paragraph\">A empresa realizou obras como novas subesta\u00e7\u00f5es, amplia\u00e7\u00f5es, refor\u00e7os na distribui\u00e7\u00e3o e linhas de transmiss\u00e3o. O Centro de Opera\u00e7\u00f5es Integradas (COI) permite monitoramento remoto e resposta r\u00e1pida a falhas. Esses recursos elevaram a capacidade e a confiabilidade do sistema, criando uma realidade diferente para a cidade.<\/p>\n\n\n\n<blockquote class=\"is-layout-flow wp-block-quote-is-layout-flow\">\n\n<p class=\"wp-block-paragraph\">Hoje a gente tem um volume de equipamentos na nossa rede, dentro das nossas subesta\u00e7\u00f5es, que s\u00e3o telecomandados. Isso significa que o nosso COI, ao perceber uma falha, uma diverg\u00eancia ou qualquer situa\u00e7\u00e3o de anomalia, consegue telecomandar esses equipamentos<\/p>\n\n<cite>Thiago Nunes<\/cite><\/blockquote>\n\n\n\n<h2 class=\"wp-block-heading\">Impacto nas reclama\u00e7\u00f5es e na qualidade do servi\u00e7o<\/h2>\n\n\n\n<p class=\"wp-block-paragraph\">Os consumidores de An\u00e1polis passaram a registrar menos problemas no fornecimento. O superintendente regional Norte, Thiago Nunes, destacou a import\u00e2ncia de registrar ocorr\u00eancias para orientar novos aprimoramentos. A inaugura\u00e7\u00e3o de linhas de transmiss\u00e3o tamb\u00e9m ampliou a capacidade dispon\u00edvel e o conforto dos usu\u00e1rios.<\/p>\n\n\n\n<blockquote class=\"is-layout-flow wp-block-quote-is-layout-flow\">\n\n<p class=\"wp-block-paragraph\">Hoje n\u00f3s temos uma realidade completamente diferente. A inaugura\u00e7\u00e3o da nova linha de transmiss\u00e3o significa ter um conforto muito maior e uma capacidade dispon\u00edvel muito maior<\/p>\n\n<cite>Thiago Nunes<\/cite><\/blockquote>\n\n\n\n<blockquote class=\"is-layout-flow wp-block-quote-is-layout-flow\">\n\n<p class=\"wp-block-paragraph\">\u00c9 extremamente importante e relevante, para n\u00e3o dizer essencial, que o cliente fa\u00e7a essa reclama\u00e7\u00e3o, registre essa reclama\u00e7\u00e3o<\/p>\n\n<cite>Thiago Nunes<\/cite><\/blockquote>\n","protected":false},"excerpt":{"rendered":"<p>A Equatorial Goi\u00e1s reduziu em aproximadamente 74% a frequ\u00eancia das interrup\u00e7\u00f5es no fornecimento de energia em An\u00e1polis desde que assumiu a concess\u00e3o em 2023. Os resultados foram apresentados na sede da empresa no dia 27 de agosto de 2026 e refletem melhorias observadas entre 2023 e julho de 2026 para os consumidores locais. A companhia &hellip;<\/p>\n","protected":false},"author":5,"featured_media":83987,"comment_status":"closed","ping_status":"open","sticky":false,"template":"","format":"standard","meta":{"footnotes":""},"categories":[18,473,480,19,4],"tags":[1925,3705,574,4268,2175,4266,4267,2931,4265,4269],"class_list":["post-83988","post","type-post","status-publish","format-standard","has-post-thumbnail","hentry","category-anapolis","category-empresas","category-infraestrutura","category-manchete","category-ultimas-noticias","tag-energiaeletrica","tag-fornecimento-energia","tag-anapolis-goias","tag-concessao-2023","tag-equatorial-goias","tag-investimentos-rede-eletrica","tag-melhoria-energia-anapolis","tag-modernizacao-energetica","tag-reducao-interrupcoes","tag-resultados-2026"],"_links":{"self":[{"href":"https:\/\/goiasemtempo.com.br\/home\/wp-json\/wp\/v2\/posts\/83988","targetHints":{"allow":["GET"]}}],"collection":[{"href":"https:\/\/goiasemtempo.com.br\/home\/wp-json\/wp\/v2\/posts"}],"about":[{"href":"https:\/\/goiasemtempo.com.br\/home\/wp-json\/wp\/v2\/types\/post"}],"author":[{"embeddable":true,"href":"https:\/\/goiasemtempo.com.br\/home\/wp-json\/wp\/v2\/users\/5"}],"replies":[{"embeddable":true,"href":"https:\/\/goiasemtempo.com.br\/home\/wp-json\/wp\/v2\/comments?post=83988"}],"version-history":[{"count":1,"href":"https:\/\/goiasemtempo.com.br\/home\/wp-json\/wp\/v2\/posts\/83988\/revisions"}],"predecessor-version":[{"id":84031,"href":"https:\/\/goiasemtempo.com.br\/home\/wp-json\/wp\/v2\/posts\/83988\/revisions\/84031"}],"wp:featuredmedia":[{"embeddable":true,"href":"https:\/\/goiasemtempo.com.br\/home\/wp-json\/wp\/v2\/media\/83987"}],"wp:attachment":[{"href":"https:\/\/goiasemtempo.com.br\/home\/wp-json\/wp\/v2\/media?parent=83988"}],"wp:term":[{"taxonomy":"category","embeddable":true,"href":"https:\/\/goiasemtempo.com.br\/home\/wp-json\/wp\/v2\/categories?post=83988"},{"taxonomy":"post_tag","embeddable":true,"href":"https:\/\/goiasemtempo.com.br\/home\/wp-json\/wp\/v2\/tags?post=83988"}],"curies":[{"name":"wp","href":"https:\/\/api.w.org\/{rel}","templated":true}]}}