{"id":83092,"date":"2026-07-18T14:37:45","date_gmt":"2026-07-18T14:37:45","guid":{"rendered":"https:\/\/goiasemtempo.com.br\/home\/?p=83092"},"modified":"2026-07-18T14:37:45","modified_gmt":"2026-07-18T14:37:45","slug":"mae-adolescente-agredido-pm-catalao-cobra-justica","status":"publish","type":"post","link":"https:\/\/goiasemtempo.com.br\/home\/mae-adolescente-agredido-pm-catalao-cobra-justica\/","title":{"rendered":"M\u00e3e de adolescente agredido por PM em Catal\u00e3o cobra justi\u00e7a e investiga\u00e7\u00e3o"},"content":{"rendered":"\r\n<p class=\"wp-block-paragraph\">Em Catal\u00e3o (GO), a m\u00e3e de um adolescente de 16 anos agredido por policial militar desabafou publicamente e cobrou justi\u00e7a ap\u00f3s o caso ganhar repercuss\u00e3o. Imagens divulgadas mostram o jovem com ferimentos no rosto, o que chamou aten\u00e7\u00e3o para as circunst\u00e2ncias ainda sob investiga\u00e7\u00e3o. O epis\u00f3dio mobilizou a fam\u00edlia, que busca esclarecimentos sobre o ocorrido.<\/p>\r\n\r\n\r\n\r\n<h2 class=\"wp-block-heading\">Repercuss\u00e3o das imagens<\/h2>\r\n\r\n\r\n\r\n<p class=\"wp-block-paragraph\">As fotos do adolescente circularam rapidamente e colocaram o caso em evid\u00eancia nas redes sociais e ve\u00edculos locais. Moradores da regi\u00e3o manifestaram solidariedade \u00e0 fam\u00edlia enquanto as autoridades iniciam os procedimentos para apurar os fatos. A divulga\u00e7\u00e3o visual dos ferimentos contribuiu para ampliar o debate sobre o epis\u00f3dio.<\/p>\r\n\r\n\r\n\r\n<h2 class=\"wp-block-heading\">Posicionamento da fam\u00edlia<\/h2>\r\n\r\n\r\n\r\n<p class=\"wp-block-paragraph\">A m\u00e3e do adolescente de 16 anos afirmou que n\u00e3o pretende silenciar diante do ocorrido. Ela refor\u00e7ou a necessidade de que as investiga\u00e7\u00f5es sigam seu curso para esclarecer responsabilidades. O apoio de parentes e conhecidos tem sido importante para que a fam\u00edlia mantenha a cobran\u00e7a por respostas.<\/p>\r\n\r\n\r\n\r\n<h2 class=\"wp-block-heading\">Investiga\u00e7\u00e3o em curso<\/h2>\r\n\r\n<p>As circunst\u00e2ncias da agress\u00e3o permanecem em an\u00e1lise pelas autoridades competentes. At\u00e9 o momento, n\u00e3o h\u00e1 detalhes oficiais sobre eventuais medidas adotadas contra o policial militar envolvido. A fam\u00edlia aguarda o andamento do processo e novas informa\u00e7\u00f5es sobre o caso.<\/p>","protected":false},"excerpt":{"rendered":"<p>Em Catal\u00e3o (GO), a m\u00e3e de um adolescente de 16 anos agredido por policial militar desabafou publicamente e cobrou justi\u00e7a ap\u00f3s o caso ganhar repercuss\u00e3o. Imagens divulgadas mostram o jovem com ferimentos no rosto, o que chamou aten\u00e7\u00e3o para as circunst\u00e2ncias ainda sob investiga\u00e7\u00e3o. O epis\u00f3dio mobilizou a fam\u00edlia, que busca esclarecimentos sobre o ocorrido. &hellip;<\/p>\n","protected":false},"author":5,"featured_media":83091,"comment_status":"closed","ping_status":"open","sticky":false,"template":"","format":"standard","meta":{"footnotes":""},"categories":[489,26,19,33,4],"tags":[2547,695,696,2670,2673,2672,2671,2669,905],"class_list":["post-83092","post","type-post","status-publish","format-standard","has-post-thumbnail","hentry","category-crime","category-justica","category-manchete","category-policia","category-ultimas-noticias","tag-abuso-policial","tag-adolescentes-violencia","tag-agressao-adolescente","tag-agressao-pm","tag-ferimentos-adolescente","tag-investigacao-policial","tag-justica-adolescente","tag-pm-catalao","tag-violencia-policial"],"_links":{"self":[{"href":"https:\/\/goiasemtempo.com.br\/home\/wp-json\/wp\/v2\/posts\/83092","targetHints":{"allow":["GET"]}}],"collection":[{"href":"https:\/\/goiasemtempo.com.br\/home\/wp-json\/wp\/v2\/posts"}],"about":[{"href":"https:\/\/goiasemtempo.com.br\/home\/wp-json\/wp\/v2\/types\/post"}],"author":[{"embeddable":true,"href":"https:\/\/goiasemtempo.com.br\/home\/wp-json\/wp\/v2\/users\/5"}],"replies":[{"embeddable":true,"href":"https:\/\/goiasemtempo.com.br\/home\/wp-json\/wp\/v2\/comments?post=83092"}],"version-history":[{"count":1,"href":"https:\/\/goiasemtempo.com.br\/home\/wp-json\/wp\/v2\/posts\/83092\/revisions"}],"predecessor-version":[{"id":83130,"href":"https:\/\/goiasemtempo.com.br\/home\/wp-json\/wp\/v2\/posts\/83092\/revisions\/83130"}],"wp:featuredmedia":[{"embeddable":true,"href":"https:\/\/goiasemtempo.com.br\/home\/wp-json\/wp\/v2\/media\/83091"}],"wp:attachment":[{"href":"https:\/\/goiasemtempo.com.br\/home\/wp-json\/wp\/v2\/media?parent=83092"}],"wp:term":[{"taxonomy":"category","embeddable":true,"href":"https:\/\/goiasemtempo.com.br\/home\/wp-json\/wp\/v2\/categories?post=83092"},{"taxonomy":"post_tag","embeddable":true,"href":"https:\/\/goiasemtempo.com.br\/home\/wp-json\/wp\/v2\/tags?post=83092"}],"curies":[{"name":"wp","href":"https:\/\/api.w.org\/{rel}","templated":true}]}}