{"id":81806,"date":"2026-06-01T23:03:30","date_gmt":"2026-06-01T23:03:30","guid":{"rendered":"https:\/\/goiasemtempo.com.br\/home\/?p=81806"},"modified":"2026-06-01T23:03:30","modified_gmt":"2026-06-01T23:03:30","slug":"fundacao-cancer-alerta-cigarros-eletronicos-disfarcados-jovens","status":"publish","type":"post","link":"https:\/\/goiasemtempo.com.br\/home\/fundacao-cancer-alerta-cigarros-eletronicos-disfarcados-jovens\/","title":{"rendered":"Funda\u00e7\u00e3o do C\u00e2ncer alerta para cigarros eletr\u00f4nicos disfar\u00e7ados que atraem jovens de 13 a 17 anos"},"content":{"rendered":"\r\n<p class=\"wp-block-paragraph\">A Funda\u00e7\u00e3o do C\u00e2ncer emitiu um alerta sobre o avan\u00e7o de cigarros eletr\u00f4nicos disfar\u00e7ados que ampliam o consumo entre jovens de 13 a 17 anos no Brasil. O comunicado, divulgado em torno do Dia Mundial sem Tabaco em 31 de maio de 2026, destaca que os aparelhos s\u00e3o vendidos de forma ilegal em redes sociais, sites e com\u00e9rcio informal, com formatos que incluem moletons integrados, telas sens\u00edveis ao toque e jogos interativos. Dados da PeNSE de 2024 e apreens\u00f5es realizadas pela Receita Federal entre janeiro e fevereiro de 2026 refor\u00e7am o crescimento do problema.<\/p>\r\n\r\n\r\n\r\n<h2 class=\"wp-block-heading\">Novas tecnologias facilitam uso discreto<\/h2>\r\n\r\n\r\n\r\n<p class=\"wp-block-paragraph\">Os disfarces tecnol\u00f3gicos permitem que os vapes sejam utilizados em locais como metr\u00f4 e escolas sem chamar aten\u00e7\u00e3o. Aromatizantes sem cheiro e recursos interativos integram o dispositivo \u00e0 rotina dos adolescentes, criando depend\u00eancia qu\u00edmica e digital ao mesmo tempo. Segundo a Anvisa e a OMS, essas estrat\u00e9gias comprometem os avan\u00e7os obtidos no controle do tabaco no pa\u00eds.<\/p>\r\n\r\n\r\n\r\n<h2 class=\"wp-block-heading\">Impactos na sa\u00fade e recomenda\u00e7\u00f5es<\/h2>\r\n\r\n\r\n\r\n<p class=\"wp-block-paragraph\">A exposi\u00e7\u00e3o \u00e0 nicotina na adolesc\u00eancia pode afetar o desenvolvimento do c\u00e9rebro, especialmente \u00e1reas relacionadas \u00e0 aten\u00e7\u00e3o, aprendizagem, humor e controle de impulsos, al\u00e9m de aumentar a vulnerabilidade \u00e0 depend\u00eancia de nicotina ao longo da vida. Esses dispositivos tamb\u00e9m podem expor os usu\u00e1rios a subst\u00e2ncias t\u00f3xicas, incluindo part\u00edculas ultrafinas, compostos org\u00e2nicos vol\u00e1teis e metais pesados.<\/p>\r\n\r\n\r\n\r\n<blockquote class=\"is-layout-flow wp-block-quote-is-layout-flow\">\r\n<p class=\"wp-block-paragraph\">De uma maneira totalmente articulada, e muito mal articulada do ponto de vista da \u00e9tica, criam at\u00e9 casaco com bocal escondido para a pessoa fumar<\/p>\r\n <cite>Luiz Augusto Maltoni<\/cite><\/blockquote>\r\n\r\n\r\n\r\n<p class=\"wp-block-paragraph\">O diretor executivo da Funda\u00e7\u00e3o do C\u00e2ncer, Luiz Augusto Maltoni, refor\u00e7ou a necessidade de vigil\u00e2ncia. A consultora Milena Maciel de Carvalho alertou ainda para riscos respirat\u00f3rios e cardiovasculares associados ao uso prolongado. A entidade recomenda que quem nunca experimentou n\u00e3o inicie o consumo e que quem j\u00e1 fuma procure parar imediatamente.<\/p>\r\n","protected":false},"excerpt":{"rendered":"<p>A Funda\u00e7\u00e3o do C\u00e2ncer emitiu um alerta sobre o avan\u00e7o de cigarros eletr\u00f4nicos disfar\u00e7ados que ampliam o consumo entre jovens de 13 a 17 anos no Brasil. O comunicado, divulgado em torno do Dia Mundial sem Tabaco em 31 de maio de 2026, destaca que os aparelhos s\u00e3o vendidos de forma ilegal em redes sociais, &hellip;<\/p>\n","protected":false},"author":5,"featured_media":81805,"comment_status":"closed","ping_status":"open","sticky":false,"template":"","format":"standard","meta":{"footnotes":""},"categories":[489,16],"tags":[744,761,917,918,866,865,919,920,921],"class_list":["post-81806","post","type-post","status-publish","format-standard","has-post-thumbnail","hentry","category-crime","category-saude","tag-acoes-saude-publica","tag-adolescentes-brasileiros","tag-adolescentes-em-risco","tag-ameaca-criancas","tag-cigarro-eletronico","tag-cigarros-eletronicos","tag-fundacao-do-cancer","tag-jovens-tabagismo","tag-vape-ilegal"],"_links":{"self":[{"href":"https:\/\/goiasemtempo.com.br\/home\/wp-json\/wp\/v2\/posts\/81806","targetHints":{"allow":["GET"]}}],"collection":[{"href":"https:\/\/goiasemtempo.com.br\/home\/wp-json\/wp\/v2\/posts"}],"about":[{"href":"https:\/\/goiasemtempo.com.br\/home\/wp-json\/wp\/v2\/types\/post"}],"author":[{"embeddable":true,"href":"https:\/\/goiasemtempo.com.br\/home\/wp-json\/wp\/v2\/users\/5"}],"replies":[{"embeddable":true,"href":"https:\/\/goiasemtempo.com.br\/home\/wp-json\/wp\/v2\/comments?post=81806"}],"version-history":[{"count":1,"href":"https:\/\/goiasemtempo.com.br\/home\/wp-json\/wp\/v2\/posts\/81806\/revisions"}],"predecessor-version":[{"id":81858,"href":"https:\/\/goiasemtempo.com.br\/home\/wp-json\/wp\/v2\/posts\/81806\/revisions\/81858"}],"wp:featuredmedia":[{"embeddable":true,"href":"https:\/\/goiasemtempo.com.br\/home\/wp-json\/wp\/v2\/media\/81805"}],"wp:attachment":[{"href":"https:\/\/goiasemtempo.com.br\/home\/wp-json\/wp\/v2\/media?parent=81806"}],"wp:term":[{"taxonomy":"category","embeddable":true,"href":"https:\/\/goiasemtempo.com.br\/home\/wp-json\/wp\/v2\/categories?post=81806"},{"taxonomy":"post_tag","embeddable":true,"href":"https:\/\/goiasemtempo.com.br\/home\/wp-json\/wp\/v2\/tags?post=81806"}],"curies":[{"name":"wp","href":"https:\/\/api.w.org\/{rel}","templated":true}]}}