{"id":81418,"date":"2026-04-30T13:17:40","date_gmt":"2026-04-30T13:17:40","guid":{"rendered":"https:\/\/goiasemtempo.com.br\/home\/?p=81418"},"modified":"2026-04-30T13:17:40","modified_gmt":"2026-04-30T13:17:40","slug":"36o-cbcd-une-ciencia-networking-e-agenda-social-exclusiva-para-congressistas-em-goiania","status":"publish","type":"post","link":"https:\/\/goiasemtempo.com.br\/home\/36o-cbcd-une-ciencia-networking-e-agenda-social-exclusiva-para-congressistas-em-goiania\/","title":{"rendered":"36\u00ba CBCD une ci\u00eancia, networking e agenda social exclusiva para congressistas em Goi\u00e2nia"},"content":{"rendered":"<p>Al\u00e9m da intensa programa\u00e7\u00e3o cient\u00edfica, o 36\u00ba Congresso Brasileiro de Cirurgia Dermatol\u00f3gica (CBCD), que acontece oficialmente entre os dias 30 de abril e 3 de maio, em Goi\u00e2nia, contar\u00e1 com uma agenda social exclusiva voltada a congressistas e convidados especiais, ampliando a experi\u00eancia do encontro com momentos de integra\u00e7\u00e3o, celebra\u00e7\u00e3o e relacionamento institucional.<\/p>\n<p>Na v\u00e9spera da abertura oficial, em 29 de abril, ser\u00e1 realizada uma reuni\u00e3o cient\u00edfica seguida de jantar cient\u00edfico, programa\u00e7\u00e3o restrita a um grupo seleto de cerca de 80 participantes ligados \u00e0 organiza\u00e7\u00e3o e \u00e0 diretoria da especialidade.<\/p>\n<p>A abertura oficial da agenda social acontece em 30 de abril, \u00e0s 20h, com o tradicional Baile do Presidente, no Flamboyant Hall, em uma noite de gala com traje black tie, reunindo importantes nomes da dermatologia brasileira em um ambiente de celebra\u00e7\u00e3o e networking.<\/p>\n<p>No dia 1\u00ba de maio, \u00e0s 11h, o Teatro Rio Vermelho, no Centro de Conven\u00e7\u00f5es de Goi\u00e2nia, recebe a solenidade oficial de abertura e homenagens, momento institucional que contar\u00e1 com a presen\u00e7a de autoridades e lideran\u00e7as, refor\u00e7ando a relev\u00e2ncia cient\u00edfica e econ\u00f4mica do congresso para Goi\u00e1s.<\/p>\n<p>Na mesma noite, \u00e0s 20h, o Flamboyant Hall volta a ser palco de uma celebra\u00e7\u00e3o exclusiva com a Festa Rennova, que ter\u00e1 show de Leonardo.<\/p>\n<p>Encerrando a programa\u00e7\u00e3o social, no dia 2 de maio, \u00e0s 20h, acontece a festa de encerramento, tamb\u00e9m no Flamboyant Hall, com shows de Mumuzinho e da dupla Matheus &amp; Kauan.<\/p>\n<p>Com expectativa de reunir milhares de especialistas do Brasil e do exterior, o 36\u00ba CBCD refor\u00e7a Goi\u00e2nia como sede de grandes encontros cient\u00edficos, aliando atualiza\u00e7\u00e3o m\u00e9dica, conex\u00f5es estrat\u00e9gicas e uma programa\u00e7\u00e3o social pensada para proporcionar experi\u00eancias memor\u00e1veis aos participantes.<\/p>\n<p><strong>36\u00ba Congresso Brasileiro de Cirurgia Dermatol\u00f3gica (CBCD)<\/strong><\/p>\n<p><strong>Data: 30 de abril a 3 de maio de 2026<\/strong><br \/>\nLocal: Centro de Conven\u00e7\u00f5es de Goi\u00e2nia \u2013 Goi\u00e2nia (GO)<br \/>\nTema: Evolu\u00e7\u00e3o da Cirurgia Dermatol\u00f3gica em Tempos de Intelig\u00eancia Artificial<br \/>\nRealiza\u00e7\u00e3o: Sociedade Brasileira de Cirurgia Dermatol\u00f3gica (SBCD)<br \/>\nInforma\u00e7\u00f5es: www.sbcd.org.br<br \/>\nParticipa\u00e7\u00e3o:<br \/>\nMais de 3 mil m\u00e9dicos dermatologistas e cerca de 2 mil participantes entre organizadores, expositores e profissionais da \u00e1rea da sa\u00fade.<br \/>\nAcesso restrito a congressistas e convidados<\/p>\n<p><strong>30 de abril (quinta-feira) | 20h<\/strong><br \/>\nBaile do Presidente<br \/>\nFlamboyant Hall<br \/>\nTraje: Black Tie<\/p>\n<p><strong>1\u00ba de maio (sexta-feira) | 11h<\/strong><br \/>\nSolenidade oficial de abertura e homenagens<br \/>\nTeatro Rio Vermelho \u2013 Centro de Conven\u00e7\u00f5es de Goi\u00e2nia<\/p>\n<p><strong>1\u00ba de maio (sexta-feira) | 20h<\/strong><br \/>\nFesta Rennova<br \/>\nFlamboyant Hall<br \/>\nShow: Leonardo<\/p>\n<p><strong>2 de maio (s\u00e1bado) | 20h<\/strong><br \/>\nFesta de Encerramento \u2013 36\u00ba CBCD<br \/>\nFlamboyant Hall<br \/>\nShows: Mumuzinho + Matheus &amp; Kauan<\/p>\n<p>Assessoria de Imprensa<br \/>\nPalavra Comunica\u00e7\u00e3o<\/p>\n","protected":false},"excerpt":{"rendered":"<p>Al\u00e9m da intensa programa\u00e7\u00e3o cient\u00edfica, o 36\u00ba Congresso Brasileiro de Cirurgia Dermatol\u00f3gica (CBCD), que acontece oficialmente entre os dias 30 de abril e 3 de maio, em Goi\u00e2nia, contar\u00e1 com uma agenda social exclusiva voltada a congressistas e convidados especiais, ampliando a experi\u00eancia do encontro com momentos de integra\u00e7\u00e3o, celebra\u00e7\u00e3o e relacionamento institucional. Na v\u00e9spera &hellip;<\/p>\n","protected":false},"author":3,"featured_media":81419,"comment_status":"closed","ping_status":"open","sticky":false,"template":"","format":"standard","meta":{"_exactmetrics_skip_tracking":false,"_exactmetrics_sitenote_active":false,"_exactmetrics_sitenote_note":"","_exactmetrics_sitenote_category":0,"footnotes":""},"categories":[500,16,22],"tags":[],"_links":{"self":[{"href":"https:\/\/goiasemtempo.com.br\/home\/wp-json\/wp\/v2\/posts\/81418"}],"collection":[{"href":"https:\/\/goiasemtempo.com.br\/home\/wp-json\/wp\/v2\/posts"}],"about":[{"href":"https:\/\/goiasemtempo.com.br\/home\/wp-json\/wp\/v2\/types\/post"}],"author":[{"embeddable":true,"href":"https:\/\/goiasemtempo.com.br\/home\/wp-json\/wp\/v2\/users\/3"}],"replies":[{"embeddable":true,"href":"https:\/\/goiasemtempo.com.br\/home\/wp-json\/wp\/v2\/comments?post=81418"}],"version-history":[{"count":1,"href":"https:\/\/goiasemtempo.com.br\/home\/wp-json\/wp\/v2\/posts\/81418\/revisions"}],"predecessor-version":[{"id":81420,"href":"https:\/\/goiasemtempo.com.br\/home\/wp-json\/wp\/v2\/posts\/81418\/revisions\/81420"}],"wp:featuredmedia":[{"embeddable":true,"href":"https:\/\/goiasemtempo.com.br\/home\/wp-json\/wp\/v2\/media\/81419"}],"wp:attachment":[{"href":"https:\/\/goiasemtempo.com.br\/home\/wp-json\/wp\/v2\/media?parent=81418"}],"wp:term":[{"taxonomy":"category","embeddable":true,"href":"https:\/\/goiasemtempo.com.br\/home\/wp-json\/wp\/v2\/categories?post=81418"},{"taxonomy":"post_tag","embeddable":true,"href":"https:\/\/goiasemtempo.com.br\/home\/wp-json\/wp\/v2\/tags?post=81418"}],"curies":[{"name":"wp","href":"https:\/\/api.w.org\/{rel}","templated":true}]}}